{"id":20081,"date":"2019-09-13T18:20:39","date_gmt":"2019-09-13T18:20:39","guid":{"rendered":"http:\/\/centralmedia.rs\/?p=20081"},"modified":"2019-09-18T14:37:24","modified_gmt":"2019-09-18T14:37:24","slug":"presusila-ravanica-morava-na-minimumu","status":"publish","type":"post","link":"https:\/\/centralmedia.rs\/index.php\/2019\/09\/13\/presusila-ravanica-morava-na-minimumu\/","title":{"rendered":"PRESU\u0160ILA RAVANICA, MORAVA NA MINIMUMU"},"content":{"rendered":"<p>\u0106UPRIJA- Vi\u0161emese\u010dna su\u0161a uslovila je da reka Ravanica presu\u0161i, \u0161to se po re\u010dima \u0106upri\u010dana retko doga\u0111a, u godinama kada su\u0161a vi\u0161emese\u010dna. Korito reke je ozelenelo, zemlaj i pesak osu\u0161ili. Me\u0111utim, ima i drugih mi\u0161ljenja. Sela uzvodno zahvataju svu vodu, odnosno ne po\u0161tuje se ekolo\u0161ki minimum vode, ali sa druge strane i olak\u0161anje jer otpadne, fekalne vode, nisu sprovedene u korito reke, ve\u0107 imaju izgra\u0111ene sengrupe. U suprotnom, \u0161teta bi bila dvostruka. Morava, tako bele\u017ei izuzetno nizak vodostaj, mo\u017ee bukvalno da se prepe\u0161a\u010di, \u0161to se nikada ranije nije doga\u0111alo. Stubovi nekada\u0161njih mostova,svedok su milenijumskog postojanja grada i prelaza preko reke. Lekcija iz istorije iz prve ruke.<\/p>\n<div id='gallery-1' class='gallery galleryid-20081 gallery-columns-6 gallery-size-thumbnail'><figure class='gallery-item'>\n\t\t\t<div class='gallery-icon landscape'>\n\t\t\t\t<a href='https:\/\/centralmedia.rs\/index.php\/2019\/09\/13\/presusila-ravanica-morava-na-minimumu\/morava-1-2\/'><img loading=\"lazy\" decoding=\"async\" width=\"150\" height=\"150\" src=\"https:\/\/centralmedia.rs\/wp-content\/uploads\/2019\/09\/morava-1-150x150.jpg\" class=\"attachment-thumbnail size-thumbnail\" alt=\"\" \/><\/a>\n\t\t\t<\/div><\/figure><figure class='gallery-item'>\n\t\t\t<div class='gallery-icon landscape'>\n\t\t\t\t<a href='https:\/\/centralmedia.rs\/index.php\/2019\/09\/13\/presusila-ravanica-morava-na-minimumu\/morava-2\/'><img loading=\"lazy\" decoding=\"async\" width=\"150\" height=\"150\" src=\"https:\/\/centralmedia.rs\/wp-content\/uploads\/2019\/09\/morava-2-150x150.jpg\" class=\"attachment-thumbnail size-thumbnail\" alt=\"\" \/><\/a>\n\t\t\t<\/div><\/figure><figure class='gallery-item'>\n\t\t\t<div class='gallery-icon portrait'>\n\t\t\t\t<a href='https:\/\/centralmedia.rs\/index.php\/2019\/09\/13\/presusila-ravanica-morava-na-minimumu\/ravanica-2-2\/'><img loading=\"lazy\" decoding=\"async\" width=\"150\" height=\"150\" src=\"https:\/\/centralmedia.rs\/wp-content\/uploads\/2019\/09\/ravanica-2-150x150.jpg\" class=\"attachment-thumbnail size-thumbnail\" alt=\"\" \/><\/a>\n\t\t\t<\/div><\/figure><figure class='gallery-item'>\n\t\t\t<div class='gallery-icon landscape'>\n\t\t\t\t<a href='https:\/\/centralmedia.rs\/index.php\/2019\/09\/13\/presusila-ravanica-morava-na-minimumu\/ravanica-5-2\/'><img loading=\"lazy\" decoding=\"async\" width=\"150\" height=\"150\" src=\"https:\/\/centralmedia.rs\/wp-content\/uploads\/2019\/09\/ravanica-5-150x150.jpg\" class=\"attachment-thumbnail size-thumbnail\" alt=\"\" \/><\/a>\n\t\t\t<\/div><\/figure><figure class='gallery-item'>\n\t\t\t<div class='gallery-icon landscape'>\n\t\t\t\t<a href='https:\/\/centralmedia.rs\/index.php\/2019\/09\/13\/presusila-ravanica-morava-na-minimumu\/ravanica3\/'><img loading=\"lazy\" decoding=\"async\" width=\"150\" height=\"150\" src=\"https:\/\/centralmedia.rs\/wp-content\/uploads\/2019\/09\/ravanica3-150x150.jpg\" class=\"attachment-thumbnail size-thumbnail\" alt=\"\" \/><\/a>\n\t\t\t<\/div><\/figure><figure class='gallery-item'>\n\t\t\t<div class='gallery-icon portrait'>\n\t\t\t\t<a href='https:\/\/centralmedia.rs\/index.php\/2019\/09\/13\/presusila-ravanica-morava-na-minimumu\/ravanica4-2\/'><img loading=\"lazy\" decoding=\"async\" width=\"150\" height=\"150\" src=\"https:\/\/centralmedia.rs\/wp-content\/uploads\/2019\/09\/ravanica4-150x150.jpg\" class=\"attachment-thumbnail size-thumbnail\" alt=\"\" \/><\/a>\n\t\t\t<\/div><\/figure>\n\t\t<\/div>\n\n","protected":false},"excerpt":{"rendered":"<p>\u0106UPRIJA- Vi\u0161emese\u010dna su\u0161a uslovila je da reka Ravanica presu\u0161i, \u0161to se po re\u010dima \u0106upri\u010dana retko doga\u0111a, u godinama kada su\u0161a vi\u0161emese\u010dna. Korito reke je ozelenelo, &hellip; <\/p>\n","protected":false},"author":2,"featured_media":20083,"comment_status":"open","ping_status":"open","sticky":false,"template":"","format":"standard","meta":{"footnotes":""},"categories":[1515,1524,2,887,16,12],"tags":[44,1607,4028,386],"_links":{"self":[{"href":"https:\/\/centralmedia.rs\/index.php\/wp-json\/wp\/v2\/posts\/20081"}],"collection":[{"href":"https:\/\/centralmedia.rs\/index.php\/wp-json\/wp\/v2\/posts"}],"about":[{"href":"https:\/\/centralmedia.rs\/index.php\/wp-json\/wp\/v2\/types\/post"}],"author":[{"embeddable":true,"href":"https:\/\/centralmedia.rs\/index.php\/wp-json\/wp\/v2\/users\/2"}],"replies":[{"embeddable":true,"href":"https:\/\/centralmedia.rs\/index.php\/wp-json\/wp\/v2\/comments?post=20081"}],"version-history":[{"count":1,"href":"https:\/\/centralmedia.rs\/index.php\/wp-json\/wp\/v2\/posts\/20081\/revisions"}],"predecessor-version":[{"id":20090,"href":"https:\/\/centralmedia.rs\/index.php\/wp-json\/wp\/v2\/posts\/20081\/revisions\/20090"}],"wp:featuredmedia":[{"embeddable":true,"href":"https:\/\/centralmedia.rs\/index.php\/wp-json\/wp\/v2\/media\/20083"}],"wp:attachment":[{"href":"https:\/\/centralmedia.rs\/index.php\/wp-json\/wp\/v2\/media?parent=20081"}],"wp:term":[{"taxonomy":"category","embeddable":true,"href":"https:\/\/centralmedia.rs\/index.php\/wp-json\/wp\/v2\/categories?post=20081"},{"taxonomy":"post_tag","embeddable":true,"href":"https:\/\/centralmedia.rs\/index.php\/wp-json\/wp\/v2\/tags?post=20081"}],"curies":[{"name":"wp","href":"https:\/\/api.w.org\/{rel}","templated":true}]}}