{"id":20091,"date":"2019-09-13T18:35:36","date_gmt":"2019-09-13T18:35:36","guid":{"rendered":"http:\/\/centralmedia.rs\/?p=20091"},"modified":"2019-09-18T14:39:27","modified_gmt":"2019-09-18T14:39:27","slug":"eps-iskljucio-struju-kulturnom-centru-i-pozoristu-u-paracinu","status":"publish","type":"post","link":"https:\/\/centralmedia.rs\/index.php\/2019\/09\/13\/eps-iskljucio-struju-kulturnom-centru-i-pozoristu-u-paracinu\/","title":{"rendered":"EPS ISKLJU\u010cIO STRUJU KULTURNOM CENTRU I POZORI\u0160TU U PARA\u0106INU"},"content":{"rendered":"<p>PARA\u0106IN- Iako je rok za izmirenje ra\u010duna 19. septembar, radnici EPS su isklju\u010dili napajanje Kulturnom centru i Pozori\u0161tu u Para\u0107inu, razlog je, po re\u010dima direktorke KC Zorice \u0110or\u0111evi\u0107, bio ,,nalog&#8221; koji su radnici dobili, bez ikakvog obrazlo\u017eenja. Bez struje su ostali i \u010dlanovi Kluba za stare.<\/p>\n<p>&#8211; Moram da ka\u017eem, da se nije kasnilo sa pla\u0107anjem ra\u010duna i pored svega ra\u010duni se izmiruju u zakonskom roku. Ina\u010de rok za izmirnje je bio 19.septembar.<\/p>\n<p>Direktorka je dru\u0161tvenim mre\u017eama podelila status u kome konstatovala ,,\u0161ta su sve spremni pojedinci&#8221;<\/p>\n<p>&#8211; Moram ovo da podelim sa vama, jer mislim da treba da se zna, na \u0161ta su sve spremni pojedinci ili &#8230;i \u0161ta se sve de\u0161ava. Ju\u010de su radnici ESP-a isekli struju na zgradi Kulturnog centra i Pozori\u0161ta. Na moje pitanje: Koji je razlog isklju\u010denja? Dobijam odgovor: Ni\u0161ta me ne pitaj, nisam hteo da idem da ise\u010dem struju domskom odeljenju u Izvoru, ali vama moram.<br \/>\nPosle dana\u0161njeg odlaska u EPS, sa potrebnim dokazima, da su svi ra\u010duni prema eps-u izmireni i da ne postoji osnov za isklju\u010denje struje, od nadle\u017enog lica dobijamo odgovor, usmeni, po NALOGU! \u010cIJEM? OSTAJE MISTERIJA!<br \/>\nStruja nam je danas uklju\u010dena, a za\u0161to su je isekli???<br \/>\nKome smetaju ustanove kulture?, napisala je ona.<\/p>\n<p>Pored ustanova kulture, struja je ,,ise\u010dena&#8221; i Klubu za stare \u00a0,,ali \u010dlanovi su danas u inat igrali \u0161ah, karte i domine. Njima je prkos u krvi, a ba\u0161 ih i nije mnogo briga&#8221;.<\/p>\n<p>&#8211; Ima firmi u Para\u0107inu koje su du\u017ene desetine miliona, ako ne i vi\u0161e, za struju, a i op\u0161tina u Srbiji koje duguju milijarde. Ali u Para\u0107inu je na kratko isklju\u010dena struja ustanovama kulture zbog ra\u010duna \u010dije je pla\u0107anje kasnilo, jer u bud\u017eetu zbog zabrane zapo\u0161ljavanja nema ko da radi redovne poslove, posebno u vreme odmora i istovremeno odra\u0111uje zahteve za DRI koja zavr\u0161ava kontrolu. Pored toga, ra\u010dun je bio poslat na pla\u0107anje kad su do\u0161li da isklju\u010de struju, ka\u017ee predsednik te op\u0161tine Sa\u0161a Paunovi\u0107 i dodaje da niej bilo razloga za isklju\u010denje.<\/p>\n","protected":false},"excerpt":{"rendered":"<p>PARA\u0106IN- Iako je rok za izmirenje ra\u010duna 19. septembar, radnici EPS su isklju\u010dili napajanje Kulturnom centru i Pozori\u0161tu u Para\u0107inu, razlog je, po re\u010dima direktorke &hellip; <\/p>\n","protected":false},"author":2,"featured_media":5982,"comment_status":"open","ping_status":"open","sticky":false,"template":"","format":"standard","meta":{"footnotes":""},"categories":[1524,2,1516,887,16,12],"tags":[4029,4030,342,156,1537],"_links":{"self":[{"href":"https:\/\/centralmedia.rs\/index.php\/wp-json\/wp\/v2\/posts\/20091"}],"collection":[{"href":"https:\/\/centralmedia.rs\/index.php\/wp-json\/wp\/v2\/posts"}],"about":[{"href":"https:\/\/centralmedia.rs\/index.php\/wp-json\/wp\/v2\/types\/post"}],"author":[{"embeddable":true,"href":"https:\/\/centralmedia.rs\/index.php\/wp-json\/wp\/v2\/users\/2"}],"replies":[{"embeddable":true,"href":"https:\/\/centralmedia.rs\/index.php\/wp-json\/wp\/v2\/comments?post=20091"}],"version-history":[{"count":2,"href":"https:\/\/centralmedia.rs\/index.php\/wp-json\/wp\/v2\/posts\/20091\/revisions"}],"predecessor-version":[{"id":20150,"href":"https:\/\/centralmedia.rs\/index.php\/wp-json\/wp\/v2\/posts\/20091\/revisions\/20150"}],"wp:featuredmedia":[{"embeddable":true,"href":"https:\/\/centralmedia.rs\/index.php\/wp-json\/wp\/v2\/media\/5982"}],"wp:attachment":[{"href":"https:\/\/centralmedia.rs\/index.php\/wp-json\/wp\/v2\/media?parent=20091"}],"wp:term":[{"taxonomy":"category","embeddable":true,"href":"https:\/\/centralmedia.rs\/index.php\/wp-json\/wp\/v2\/categories?post=20091"},{"taxonomy":"post_tag","embeddable":true,"href":"https:\/\/centralmedia.rs\/index.php\/wp-json\/wp\/v2\/tags?post=20091"}],"curies":[{"name":"wp","href":"https:\/\/api.w.org\/{rel}","templated":true}]}}