{"id":20093,"date":"2019-09-13T18:55:28","date_gmt":"2019-09-13T18:55:28","guid":{"rendered":"http:\/\/centralmedia.rs\/?p=20093"},"modified":"2019-09-18T14:37:36","modified_gmt":"2019-09-18T14:37:36","slug":"novo-doba-cuprijske-privrede-feka-automotiv-pocela-realizaciju-investicije-u-cupriji","status":"publish","type":"post","link":"https:\/\/centralmedia.rs\/index.php\/2019\/09\/13\/novo-doba-cuprijske-privrede-feka-automotiv-pocela-realizaciju-investicije-u-cupriji\/","title":{"rendered":"NOVO DOBA \u0106UPRIJSKE PRIVREDE &#8211;  FEKA AUTOMOTIV PO\u010cELA REALIZACIJU INVESTICIJE U \u0106UPRIJI"},"content":{"rendered":"<p>\u0106UPRIJA- Turska kompanija Feka Automotiv po\u010dela je sa izgradnjom fabrike u Industrijskoj zoni u \u0106upriji, izjavio je predsednik op\u0161tine \u0106uprija Ninoslav Eri\u0107. Posle dobijanja gra\u0111avinske dozvole, Feka automotiv je po\u010dela sa zemljanim radovima i postavljanjem stubova za budu\u0107u halu.<\/p>\n<p>-Investitor o\u010dekuje da do kraja godine ili po\u010detkom slede\u0107e zavr\u0161e izgradnju fabrike, potvrdio je Eri\u0107.<\/p>\n<p>Op\u0161tina \u0106uprija je \u010detiri hektara zemlje u Industrijskoj zoni u dala turskoj kompaniji za izgradnju fabrike u oktobru pro\u0161le godine. Investicija je vredna 15 miliona evra, na po\u010detku \u0107e biti zaposleno 110 radnika.<\/p>\n<p>&#8211; Danas sam obi\u0161ao zapo\u010dete radove na prvoj grinfild investiciji u \u0106upriji i razgovarao sa vlasnicima Feka Automotiv. Do\u0111ite i uverite se sami kako sada izgleda Industrijska zona. Naravo da su neki br\u017ee bolje ovu lokaciju pogrdno nazivali sede\u0107i u svojim udobnim foteljama, a prstom nisu mrdnuli da urade ne\u0161to za na\u0161 grad, ve\u0107 samo da nekog kritikuju. Mi se to nikada nismo obazirali, ve\u0107 se trudimo da unapredimo na\u0161 grad, rekao je Eri\u0107.<\/p>\n<p>Feka Automotiv je proizvodi delove i komponente za automobilsku industriju. Re\u010d je o svetlosnoj signalizaciji, svetlima za enterijere vozila, retrovizore, rezervoare za vodu.<\/p>\n<p>Pored toga, Eri\u0107 je najavio izgradnju distributivnog centra kompanije Gomeks, kao i novog kineskog investitora koji bi trebalo da proizvodi \u010darape i od turske Tibet mode preuzme radnike. Ma\u0161ine za investiciju su ve\u0107 u putu i trebalo bi da budu \u00a0u funkciji za dva meseca u pogonima biv\u0161e Mladosti.<\/p>\n","protected":false},"excerpt":{"rendered":"<p>\u0106UPRIJA- Turska kompanija Feka Automotiv po\u010dela je sa izgradnjom fabrike u Industrijskoj zoni u \u0106upriji, izjavio je predsednik op\u0161tine \u0106uprija Ninoslav Eri\u0107. Posle dobijanja gra\u0111avinske &hellip; <\/p>\n","protected":false},"author":2,"featured_media":20094,"comment_status":"open","ping_status":"open","sticky":false,"template":"","format":"standard","meta":{"footnotes":""},"categories":[22,1515,1524,2,887,12],"tags":[44,3648,4031,1432],"_links":{"self":[{"href":"https:\/\/centralmedia.rs\/index.php\/wp-json\/wp\/v2\/posts\/20093"}],"collection":[{"href":"https:\/\/centralmedia.rs\/index.php\/wp-json\/wp\/v2\/posts"}],"about":[{"href":"https:\/\/centralmedia.rs\/index.php\/wp-json\/wp\/v2\/types\/post"}],"author":[{"embeddable":true,"href":"https:\/\/centralmedia.rs\/index.php\/wp-json\/wp\/v2\/users\/2"}],"replies":[{"embeddable":true,"href":"https:\/\/centralmedia.rs\/index.php\/wp-json\/wp\/v2\/comments?post=20093"}],"version-history":[{"count":2,"href":"https:\/\/centralmedia.rs\/index.php\/wp-json\/wp\/v2\/posts\/20093\/revisions"}],"predecessor-version":[{"id":20096,"href":"https:\/\/centralmedia.rs\/index.php\/wp-json\/wp\/v2\/posts\/20093\/revisions\/20096"}],"wp:featuredmedia":[{"embeddable":true,"href":"https:\/\/centralmedia.rs\/index.php\/wp-json\/wp\/v2\/media\/20094"}],"wp:attachment":[{"href":"https:\/\/centralmedia.rs\/index.php\/wp-json\/wp\/v2\/media?parent=20093"}],"wp:term":[{"taxonomy":"category","embeddable":true,"href":"https:\/\/centralmedia.rs\/index.php\/wp-json\/wp\/v2\/categories?post=20093"},{"taxonomy":"post_tag","embeddable":true,"href":"https:\/\/centralmedia.rs\/index.php\/wp-json\/wp\/v2\/tags?post=20093"}],"curies":[{"name":"wp","href":"https:\/\/api.w.org\/{rel}","templated":true}]}}