{"id":20097,"date":"2019-09-13T19:15:12","date_gmt":"2019-09-13T19:15:12","guid":{"rendered":"http:\/\/centralmedia.rs\/?p=20097"},"modified":"2019-09-18T14:37:41","modified_gmt":"2019-09-18T14:37:41","slug":"otvaranje-fontane-i-trga-u-paracinu-21-septembra","status":"publish","type":"post","link":"https:\/\/centralmedia.rs\/index.php\/2019\/09\/13\/otvaranje-fontane-i-trga-u-paracinu-21-septembra\/","title":{"rendered":"OTVARANJE FONTANE I TRGA U PARA\u0106INU 21. SEPTEMBRA"},"content":{"rendered":"<p>PARA\u0106IN- Posle probnog pu\u0161tanja u rad fontane na novom gradskom trgu u Para\u0107inu, sve\u010dano otvaranje je najavljeno za 21. septembar. Izgradnja i ure\u0111enje novog trga pored grdske lamele jedna je od klju\u010dnih investicija koje su realizovane. Trg je dobio kona\u010dan izgled, narednih dana bi\u0107e ure\u0111ene zelene povr\u0161ine i zasa\u0111eno drve\u0107e, a pored \u010desme i parkovskog inventara, postavljen je video nadzor.<\/p>\n<div id='gallery-1' class='gallery galleryid-20097 gallery-columns-5 gallery-size-thumbnail'><figure class='gallery-item'>\n\t\t\t<div class='gallery-icon landscape'>\n\t\t\t\t<a href='https:\/\/centralmedia.rs\/index.php\/2019\/09\/13\/otvaranje-fontane-i-trga-u-paracinu-21-septembra\/fontana-i-trg\/'><img loading=\"lazy\" decoding=\"async\" width=\"150\" height=\"150\" src=\"https:\/\/centralmedia.rs\/wp-content\/uploads\/2019\/09\/fontana-i-trg-150x150.jpg\" class=\"attachment-thumbnail size-thumbnail\" alt=\"\" \/><\/a>\n\t\t\t<\/div><\/figure><figure class='gallery-item'>\n\t\t\t<div class='gallery-icon landscape'>\n\t\t\t\t<a href='https:\/\/centralmedia.rs\/index.php\/2019\/09\/13\/otvaranje-fontane-i-trga-u-paracinu-21-septembra\/fontana-i-trg1\/'><img loading=\"lazy\" decoding=\"async\" width=\"150\" height=\"150\" src=\"https:\/\/centralmedia.rs\/wp-content\/uploads\/2019\/09\/fontana-i-trg1-150x150.jpg\" class=\"attachment-thumbnail size-thumbnail\" alt=\"\" \/><\/a>\n\t\t\t<\/div><\/figure><figure class='gallery-item'>\n\t\t\t<div class='gallery-icon landscape'>\n\t\t\t\t<a href='https:\/\/centralmedia.rs\/index.php\/2019\/09\/13\/otvaranje-fontane-i-trga-u-paracinu-21-septembra\/fontana-i-trg2\/'><img loading=\"lazy\" decoding=\"async\" width=\"150\" height=\"150\" src=\"https:\/\/centralmedia.rs\/wp-content\/uploads\/2019\/09\/fontana-i-trg2-150x150.jpg\" class=\"attachment-thumbnail size-thumbnail\" alt=\"\" \/><\/a>\n\t\t\t<\/div><\/figure><figure class='gallery-item'>\n\t\t\t<div class='gallery-icon landscape'>\n\t\t\t\t<a href='https:\/\/centralmedia.rs\/index.php\/2019\/09\/13\/otvaranje-fontane-i-trga-u-paracinu-21-septembra\/fontana-i-trg3\/'><img loading=\"lazy\" decoding=\"async\" width=\"150\" height=\"150\" src=\"https:\/\/centralmedia.rs\/wp-content\/uploads\/2019\/09\/fontana-i-trg3-150x150.jpg\" class=\"attachment-thumbnail size-thumbnail\" alt=\"\" \/><\/a>\n\t\t\t<\/div><\/figure><figure class='gallery-item'>\n\t\t\t<div class='gallery-icon portrait'>\n\t\t\t\t<a href='https:\/\/centralmedia.rs\/index.php\/2019\/09\/13\/otvaranje-fontane-i-trga-u-paracinu-21-septembra\/fontana-i-trg4\/'><img loading=\"lazy\" decoding=\"async\" width=\"150\" height=\"150\" src=\"https:\/\/centralmedia.rs\/wp-content\/uploads\/2019\/09\/fontana-i-trg4-150x150.jpg\" class=\"attachment-thumbnail size-thumbnail\" alt=\"\" \/><\/a>\n\t\t\t<\/div><\/figure>\n\t\t<\/div>\n\n<p>&#8211; To \u0107e, sve ukupno, dati novi smisao i koncept gradskom jezgru Para\u0107ina. Dobijamo novi i druga\u010diji izgled, kao i da smo se posle re\u0161avanja glavnih vitalnih infrastrukturnih pitanja gra\u0111ana, a taj posao radi\u0107emo i u budu\u0107nosti, opredelili da ulep\u0161amo i ovaj deo grada. Jako je va\u017eno da se svi kao gra\u0111ani trudimo da sa\u010duvamo postoje\u0107i izgled i ne naru\u0161avamo, jer \u0107e tu svi mo\u0107i da provode vreme, rekao je Vojislav Vasi\u0107, na\u010delnik Uprava za urbanizam i odr\u017eivi razvoj.<\/p>\n<p>Nekada\u0161nji parking, sada ima lep\u0161u namenu za gra\u0111ane i organizaciju manifestacija, a paralelno se radi na novom parking prostoru, odnosno izgradnju gara\u017ee.<\/p>\n","protected":false},"excerpt":{"rendered":"<p>PARA\u0106IN- Posle probnog pu\u0161tanja u rad fontane na novom gradskom trgu u Para\u0107inu, sve\u010dano otvaranje je najavljeno za 21. septembar. Izgradnja i ure\u0111enje novog trga &hellip; <\/p>\n","protected":false},"author":2,"featured_media":20098,"comment_status":"open","ping_status":"open","sticky":false,"template":"","format":"standard","meta":{"footnotes":""},"categories":[1524,2,1516,887,16,12],"tags":[2216,156,3591],"_links":{"self":[{"href":"https:\/\/centralmedia.rs\/index.php\/wp-json\/wp\/v2\/posts\/20097"}],"collection":[{"href":"https:\/\/centralmedia.rs\/index.php\/wp-json\/wp\/v2\/posts"}],"about":[{"href":"https:\/\/centralmedia.rs\/index.php\/wp-json\/wp\/v2\/types\/post"}],"author":[{"embeddable":true,"href":"https:\/\/centralmedia.rs\/index.php\/wp-json\/wp\/v2\/users\/2"}],"replies":[{"embeddable":true,"href":"https:\/\/centralmedia.rs\/index.php\/wp-json\/wp\/v2\/comments?post=20097"}],"version-history":[{"count":1,"href":"https:\/\/centralmedia.rs\/index.php\/wp-json\/wp\/v2\/posts\/20097\/revisions"}],"predecessor-version":[{"id":20103,"href":"https:\/\/centralmedia.rs\/index.php\/wp-json\/wp\/v2\/posts\/20097\/revisions\/20103"}],"wp:featuredmedia":[{"embeddable":true,"href":"https:\/\/centralmedia.rs\/index.php\/wp-json\/wp\/v2\/media\/20098"}],"wp:attachment":[{"href":"https:\/\/centralmedia.rs\/index.php\/wp-json\/wp\/v2\/media?parent=20097"}],"wp:term":[{"taxonomy":"category","embeddable":true,"href":"https:\/\/centralmedia.rs\/index.php\/wp-json\/wp\/v2\/categories?post=20097"},{"taxonomy":"post_tag","embeddable":true,"href":"https:\/\/centralmedia.rs\/index.php\/wp-json\/wp\/v2\/tags?post=20097"}],"curies":[{"name":"wp","href":"https:\/\/api.w.org\/{rel}","templated":true}]}}