{"id":20104,"date":"2019-09-13T22:41:53","date_gmt":"2019-09-13T22:41:53","guid":{"rendered":"http:\/\/centralmedia.rs\/?p=20104"},"modified":"2019-09-18T14:37:49","modified_gmt":"2019-09-18T14:37:49","slug":"asfaltiranje-ulica-u-selima-i-gradu-u-paracinu","status":"publish","type":"post","link":"https:\/\/centralmedia.rs\/index.php\/2019\/09\/13\/asfaltiranje-ulica-u-selima-i-gradu-u-paracinu\/","title":{"rendered":"ASFALTIRANJE ULICA U SELIMA I GRADU U PARA\u0106INU"},"content":{"rendered":"<p>PARA\u0106IN- U ulici Ive Andri\u0107a u Miriliovcu za tri nedelje zavr\u0161eni su radovi na izgradnji i ulica je asfaltirana.<\/p>\n<p>-Kako je obe\u0107ano gradi se nastavak jo\u0161 jedne ulice u Mirliovcu i to je deo programa koji se zavr\u0161ava tokom ove godine, zapo\u010det pro\u0161le godine izgradnjom ulica u seoskim mesnim zajednicama. Ovog trenutka gradi se jo\u0161 jedna ulica u Plani, predstoje radovi u Le\u0161ju i Buljanu po istom progamu, nabraja predsednik te op\u0161tine Sa\u0161a Paunovi\u0107.<\/p>\n<div id='gallery-1' class='gallery galleryid-20104 gallery-columns-3 gallery-size-full'><figure class='gallery-item'>\n\t\t\t<div class='gallery-icon landscape'>\n\t\t\t\t<a href='https:\/\/centralmedia.rs\/index.php\/2019\/09\/13\/asfaltiranje-ulica-u-selima-i-gradu-u-paracinu\/mirliovac\/'><img loading=\"lazy\" decoding=\"async\" width=\"960\" height=\"468\" src=\"https:\/\/centralmedia.rs\/wp-content\/uploads\/2019\/09\/mirliovac.jpg\" class=\"attachment-full size-full\" alt=\"\" srcset=\"https:\/\/centralmedia.rs\/wp-content\/uploads\/2019\/09\/mirliovac.jpg 960w, https:\/\/centralmedia.rs\/wp-content\/uploads\/2019\/09\/mirliovac-300x146.jpg 300w, https:\/\/centralmedia.rs\/wp-content\/uploads\/2019\/09\/mirliovac-768x374.jpg 768w, https:\/\/centralmedia.rs\/wp-content\/uploads\/2019\/09\/mirliovac-862x420.jpg 862w, https:\/\/centralmedia.rs\/wp-content\/uploads\/2019\/09\/mirliovac-640x312.jpg 640w, https:\/\/centralmedia.rs\/wp-content\/uploads\/2019\/09\/mirliovac-681x332.jpg 681w\" sizes=\"(max-width: 960px) 100vw, 960px\" \/><\/a>\n\t\t\t<\/div><\/figure><figure class='gallery-item'>\n\t\t\t<div class='gallery-icon landscape'>\n\t\t\t\t<a href='https:\/\/centralmedia.rs\/index.php\/2019\/09\/13\/asfaltiranje-ulica-u-selima-i-gradu-u-paracinu\/mirliovac1\/'><img loading=\"lazy\" decoding=\"async\" width=\"960\" height=\"540\" src=\"https:\/\/centralmedia.rs\/wp-content\/uploads\/2019\/09\/mirliovac1.jpg\" class=\"attachment-full size-full\" alt=\"\" srcset=\"https:\/\/centralmedia.rs\/wp-content\/uploads\/2019\/09\/mirliovac1.jpg 960w, https:\/\/centralmedia.rs\/wp-content\/uploads\/2019\/09\/mirliovac1-300x169.jpg 300w, https:\/\/centralmedia.rs\/wp-content\/uploads\/2019\/09\/mirliovac1-768x432.jpg 768w, https:\/\/centralmedia.rs\/wp-content\/uploads\/2019\/09\/mirliovac1-747x420.jpg 747w, https:\/\/centralmedia.rs\/wp-content\/uploads\/2019\/09\/mirliovac1-640x360.jpg 640w, https:\/\/centralmedia.rs\/wp-content\/uploads\/2019\/09\/mirliovac1-681x383.jpg 681w\" sizes=\"(max-width: 960px) 100vw, 960px\" \/><\/a>\n\t\t\t<\/div><\/figure><figure class='gallery-item'>\n\t\t\t<div class='gallery-icon landscape'>\n\t\t\t\t<a href='https:\/\/centralmedia.rs\/index.php\/2019\/09\/13\/asfaltiranje-ulica-u-selima-i-gradu-u-paracinu\/mirliovac2\/'><img loading=\"lazy\" decoding=\"async\" width=\"960\" height=\"540\" src=\"https:\/\/centralmedia.rs\/wp-content\/uploads\/2019\/09\/mirliovac2.jpg\" class=\"attachment-full size-full\" alt=\"\" srcset=\"https:\/\/centralmedia.rs\/wp-content\/uploads\/2019\/09\/mirliovac2.jpg 960w, https:\/\/centralmedia.rs\/wp-content\/uploads\/2019\/09\/mirliovac2-300x169.jpg 300w, https:\/\/centralmedia.rs\/wp-content\/uploads\/2019\/09\/mirliovac2-768x432.jpg 768w, https:\/\/centralmedia.rs\/wp-content\/uploads\/2019\/09\/mirliovac2-747x420.jpg 747w, https:\/\/centralmedia.rs\/wp-content\/uploads\/2019\/09\/mirliovac2-640x360.jpg 640w, https:\/\/centralmedia.rs\/wp-content\/uploads\/2019\/09\/mirliovac2-681x383.jpg 681w\" sizes=\"(max-width: 960px) 100vw, 960px\" \/><\/a>\n\t\t\t<\/div><\/figure>\n\t\t<\/div>\n\n<p>U me\u0111uvremenu raspisana je javna nabavka za nastavak asfaltiranja u ve\u0107em broju sela i to \u0107e biti ugovoreno po\u010detkom oktobra.<\/p>\n<p>&#8211; Ugovorena je izgradnja jo\u0161 nekoliko gradskih i prigradskih ulica, gradi\u0107e se Vlasinska i Adakalska \u00a0kod Presti\u017ea, radovi \u0107e biti nastavljeni u \u017di\u010dkoj, delu Moravske ulice, u toku su radovi u ulici Cara Du\u0161ana. Radi se zamena vodovodne mre\u017ee i izgradnja ki\u0161ne kanalizacije a potom rekonstrukcija ulica, u toku su radovi u ulici Ivana Gorana Kova\u010di\u0107a i nastavljaju se u drugim gradskim ulicama. Ove godine imamo obiman program izgradnje ulica\u00a0 na teritoriji cele op\u0161tine. Poslovi \u0107e biti nastavljeni naradenih meseci, najavio je Paunovi\u0107.<\/p>\n","protected":false},"excerpt":{"rendered":"<p>PARA\u0106IN- U ulici Ive Andri\u0107a u Miriliovcu za tri nedelje zavr\u0161eni su radovi na izgradnji i ulica je asfaltirana. -Kako je obe\u0107ano gradi se nastavak &hellip; <\/p>\n","protected":false},"author":2,"featured_media":20105,"comment_status":"open","ping_status":"open","sticky":false,"template":"","format":"standard","meta":{"footnotes":""},"categories":[1524,2,1516,887,16,12],"tags":[3152,703,156,4032],"_links":{"self":[{"href":"https:\/\/centralmedia.rs\/index.php\/wp-json\/wp\/v2\/posts\/20104"}],"collection":[{"href":"https:\/\/centralmedia.rs\/index.php\/wp-json\/wp\/v2\/posts"}],"about":[{"href":"https:\/\/centralmedia.rs\/index.php\/wp-json\/wp\/v2\/types\/post"}],"author":[{"embeddable":true,"href":"https:\/\/centralmedia.rs\/index.php\/wp-json\/wp\/v2\/users\/2"}],"replies":[{"embeddable":true,"href":"https:\/\/centralmedia.rs\/index.php\/wp-json\/wp\/v2\/comments?post=20104"}],"version-history":[{"count":1,"href":"https:\/\/centralmedia.rs\/index.php\/wp-json\/wp\/v2\/posts\/20104\/revisions"}],"predecessor-version":[{"id":20109,"href":"https:\/\/centralmedia.rs\/index.php\/wp-json\/wp\/v2\/posts\/20104\/revisions\/20109"}],"wp:featuredmedia":[{"embeddable":true,"href":"https:\/\/centralmedia.rs\/index.php\/wp-json\/wp\/v2\/media\/20105"}],"wp:attachment":[{"href":"https:\/\/centralmedia.rs\/index.php\/wp-json\/wp\/v2\/media?parent=20104"}],"wp:term":[{"taxonomy":"category","embeddable":true,"href":"https:\/\/centralmedia.rs\/index.php\/wp-json\/wp\/v2\/categories?post=20104"},{"taxonomy":"post_tag","embeddable":true,"href":"https:\/\/centralmedia.rs\/index.php\/wp-json\/wp\/v2\/tags?post=20104"}],"curies":[{"name":"wp","href":"https:\/\/api.w.org\/{rel}","templated":true}]}}