{"id":20127,"date":"2019-09-18T13:14:38","date_gmt":"2019-09-18T13:14:38","guid":{"rendered":"http:\/\/centralmedia.rs\/?p=20127"},"modified":"2019-09-26T22:15:48","modified_gmt":"2019-09-26T22:15:48","slug":"centar-za-socijalni-rad-u-paracinu-dobio-v-d-direktora","status":"publish","type":"post","link":"https:\/\/centralmedia.rs\/index.php\/2019\/09\/18\/centar-za-socijalni-rad-u-paracinu-dobio-v-d-direktora\/","title":{"rendered":"CENTAR ZA SOCIJALNI RAD U PARA\u0106INU DOBIO V.D. DIREKTORA"},"content":{"rendered":"<p>PARA\u0106IN- Odbornici SO Para\u0107in izabrali su Slavicu Risti\u0107 za v.d. direktora Centra za socijalni rad. Oni su odluku usvojili bez saglasnosti resornog Ministarstva, jer su na jednoj od prethodnih sednica odlu\u010dili da, \u0107utanje administracije, tuma\u010de kao saglasnost. U protekle tri godine SO Para\u0107in je vi\u0161e puta slala predloge za saglasnost Ministarstvu, ali nije dobijan odgovor. Sistem socijalne za\u0161tite od 20. jula ne funkcioni\u0161e u Para\u0107inu, jer je od tada i fizi\u010dki bez direktora. Kolaps to sistema je o\u010digledan jer zaposleni u Centru, Domu u Izvoru, Odeljenju za decu sa poreme\u0107ajima i Klubu starih du\u017ee od dva meseca nisu primili zarade, vi\u0161e od 10.000 korisnika nije moglo da ostvari svoja prava.<\/p>\n<p>Slavica Risti\u0107 je dugogodi\u0161nji radnik Centra, pa \u0107e ustanova profunkcionisati \u010dim re\u0161enje koje su doneli odbornici stupi na snagu i v.d. direktorka deponuje potpis. Izabrani su su predsednik NO JKP Para\u0107in i \u010dlan NO Doma zdravlja. Glavni doga\u0111aji sednice SO su odborni\u010dka pitanja, gde se kroz tu formu saznaju neverovatne stvari iz sumorne i mra\u010dne politi\u010dke stvarnosti te op\u0161tine.<\/p>\n<div id='gallery-1' class='gallery galleryid-20127 gallery-columns-5 gallery-size-thumbnail'><figure class='gallery-item'>\n\t\t\t<div class='gallery-icon landscape'>\n\t\t\t\t<a href='https:\/\/centralmedia.rs\/index.php\/2019\/09\/18\/centar-za-socijalni-rad-u-paracinu-dobio-v-d-direktora\/odbornici-so-paracin1\/'><img loading=\"lazy\" decoding=\"async\" width=\"150\" height=\"150\" src=\"https:\/\/centralmedia.rs\/wp-content\/uploads\/2019\/09\/odbornici-so-paracin1-150x150.jpg\" class=\"attachment-thumbnail size-thumbnail\" alt=\"\" \/><\/a>\n\t\t\t<\/div><\/figure><figure class='gallery-item'>\n\t\t\t<div class='gallery-icon landscape'>\n\t\t\t\t<a href='https:\/\/centralmedia.rs\/index.php\/2019\/09\/18\/centar-za-socijalni-rad-u-paracinu-dobio-v-d-direktora\/odbornici-so-paracin2\/'><img loading=\"lazy\" decoding=\"async\" width=\"150\" height=\"150\" src=\"https:\/\/centralmedia.rs\/wp-content\/uploads\/2019\/09\/odbornici-so-paracin2-150x150.jpg\" class=\"attachment-thumbnail size-thumbnail\" alt=\"\" \/><\/a>\n\t\t\t<\/div><\/figure><figure class='gallery-item'>\n\t\t\t<div class='gallery-icon landscape'>\n\t\t\t\t<a href='https:\/\/centralmedia.rs\/index.php\/2019\/09\/18\/centar-za-socijalni-rad-u-paracinu-dobio-v-d-direktora\/odbornici-so-paracin3\/'><img loading=\"lazy\" decoding=\"async\" width=\"150\" height=\"150\" src=\"https:\/\/centralmedia.rs\/wp-content\/uploads\/2019\/09\/odbornici-so-paracin3-150x150.jpg\" class=\"attachment-thumbnail size-thumbnail\" alt=\"\" \/><\/a>\n\t\t\t<\/div><\/figure><figure class='gallery-item'>\n\t\t\t<div class='gallery-icon landscape'>\n\t\t\t\t<a href='https:\/\/centralmedia.rs\/index.php\/2019\/09\/18\/centar-za-socijalni-rad-u-paracinu-dobio-v-d-direktora\/odbornici-so-paracin4\/'><img loading=\"lazy\" decoding=\"async\" width=\"150\" height=\"150\" src=\"https:\/\/centralmedia.rs\/wp-content\/uploads\/2019\/09\/odbornici-so-paracin4-150x150.jpg\" class=\"attachment-thumbnail size-thumbnail\" alt=\"\" \/><\/a>\n\t\t\t<\/div><\/figure><figure class='gallery-item'>\n\t\t\t<div class='gallery-icon landscape'>\n\t\t\t\t<a href='https:\/\/centralmedia.rs\/index.php\/2019\/09\/18\/centar-za-socijalni-rad-u-paracinu-dobio-v-d-direktora\/odbornici-so-paracin\/'><img loading=\"lazy\" decoding=\"async\" width=\"150\" height=\"150\" src=\"https:\/\/centralmedia.rs\/wp-content\/uploads\/2019\/09\/odbornici-so-paracin-150x150.jpg\" class=\"attachment-thumbnail size-thumbnail\" alt=\"\" \/><\/a>\n\t\t\t<\/div><\/figure>\n\t\t<\/div>\n\n<p>Odbornik Nemanja Jovanovi\u0107 je postavio pitanje ,,dokle je stigla istraga u vezi sa slanja rudara rudnika Rembas na strana\u010dki miting SNS u Para\u0107inu&#8221; i pitao\u00a0 da li je pokrenuta istraga na te okolnosti.<\/p>\n<p>-Postoji osnovana sumnja na sticija vi\u0161e krivi\u010dnih dela i to trgovina uticajem, zloupotreba polo\u017eaja, kr\u0161enje propisa vezenih za radne odnose, finansiranje politi\u010dkih aktivnosti na na\u010din da je nare\u0111eno da se radnici prevezu u radno vreme, \u010dime je naneta \u0161teta rudniku a doneta korist politi\u010dkoj stranci, kao i da se osnovano sumnja da su radnici za taj dan imali dnevnice i overen boravak na poslu. Na osnovu pri\u010dinjene \u0161tete ovo delo se mo\u017ee oceniti kao te\u017ee delo. Kako je mogu\u0107e da takva dela zloupotrebe javnih sredstava u privatne svrhe nisu sankcionisana. Javnosti je poznato da su rukovodioci op\u0161tinskih slu\u017ebi ka\u017enjeni zbog toga \u0161to su u interesu boljeg rada javnih slu\u017ebi i bez \u0161tete dozvolili radnicima rad u drugim slu\u017ebama, ali bez uredne dokumentacije. Koliko onda treba da budu ka\u017enjeni oni koji su autobuse rudnika u radno vreme poslali na mitinge za ra\u010dun politi\u010dke stranke o tro\u0161ku rudnika, obrazlo\u017eio je Jovanovi\u0107 pitanje.<\/p>\n<p>Predsednik SO Dragan Miti\u0107 je postavio pitanja na\u010delniku PS Draganu Stojinovi\u0107i i ministru Neboj\u0161i Stefanovi\u0107u.<\/p>\n<p>-Kako je mogu\u0107e da odbornici iz manjine u SO Para\u0107in, funkcioneri i aktivisti SNS danima najavljuju akcije policije koje se kasnije sprovode protiv direktora javnih preduze\u0107a i ustanova, radnika Op\u0161tinske uprave i vlasnika privatnih preduze\u0107a koja nisu ,,bliska&#8221; SNS. Neverovatno je da tako ,,cure&#8221; informacije iz polcije i da pre akcije policije informacija do\u0111e u prostorije SNS, imali smo puno takvih primera. Direktorki PU Bambi je odbornik rekao da \u0107e ukoliko ne podnese ostavku \u00a0policija do\u0107i u kontrolu, \u0161to se obistinilo, rekao je on.<\/p>\n<p>Drugo pitanje Miti\u0107a istim funkcionerima MUP Srbija je ,,kako je mogu\u0107e da je aktivista SNS ovih dana najavio hap\u0161enje direktora JKP Para\u0107in, te da je posle toga obnovljena kontrola preduze\u0107a koja je je ve\u0107 bila zavr\u0161ena&#8221;.<\/p>\n<p>-Da li u PS postoji razra\u0111en plan za progona \u010dlanova i simpatizera Pokreta Svi za Para\u0107in koji se nalaze na javnim funkcijama ili su vlasnici privatnih firmi. Unazad dva meseca u dva navrata kontrolisana je firma odbornika Raji\u0107a, pa firma \u010dlana Op\u0161tinskog ve\u0107a Milo\u0161evi\u0107a, u toku je obnovljena kontrola JKP Para\u0107in, mene su zvali na informativni razgovor iz ,,centa za mu\u010denje&#8221; iz Kraljeva. Rekao sam da je najavljena kontrola PU Bambi, da se \u010deka odgovor direktora JP Vodovod o ponudi za prelazak u SNS u suprotnom i tamo se o\u010dekuje kontrola. Najavljuje se hap\u0161enje direktora JKP. Da li postoji neki plan. Kako sam saznao direktno se radi po nalogu nekog Zdravka, neki opasan \u010dovekm veliki, krupan, zadrigo, pu\u0161ten sa lanca&#8230; i taj ide i hara Para\u0107inom, postrojava direktore \u0161kola, bolnica, lekare, profesore&#8230; da li iz ovoga mo\u017ee da zaklju\u010dimo da postrojava i policiju u Para\u0107inu. Opasan \u010dovek, koga se svi boje i pla\u0161e. Ne znam ko je taj \u010dovek, ali znam pouzadano da on to ne bi smeo da radi bez blagoslova gazdi iz SNS, koji su privatizovali tu stranku, ukrali na\u0161e mandate. Ti ljudi moraju da znaju da ma koliko delovalo da je taj \u010dovek pu\u0161ten sa lanca i oni \u0107e morati da odgovaraju za sve te postupke koje on radi. Moj prijatelj je pri\u010dao ,,vo kada u\u0111e u mladu detelinu ne odgovara vo, nego gospodar&#8221;. Vo je vo, kako god mu tepali, ne znam kakvu odgovornost mo\u017ee da ima. \u017dao mi je \u0161to SNS, gde poznajem \u010dasne ljude, ne postoji, \u0161to su \u010dlanovi na margini. Tajkuni, kriminalci i deo dr\u017eavnog aparata \u017eele na banditski na\u010din da preuzmu Para\u0107in od Para\u0107inaca. \u017delim da verujem da predsednik Srbije ne zna \u0161ta se de\u0161ava u Para\u0107inu, nadam se da \u0107e uskoro imati prilike da se upozna sa \u010dinjenicama i da \u0107e Para\u0107in uspeti da se odupre tom banditizmu i banditima koji \u017eele da otmu grad od gra\u0111ana Para\u0107ina, zaklju\u010dio je Miti\u0107.<\/p>\n","protected":false},"excerpt":{"rendered":"<p>PARA\u0106IN- Odbornici SO Para\u0107in izabrali su Slavicu Risti\u0107 za v.d. direktora Centra za socijalni rad. Oni su odluku usvojili bez saglasnosti resornog Ministarstva, jer su &hellip; <\/p>\n","protected":false},"author":2,"featured_media":20128,"comment_status":"open","ping_status":"open","sticky":false,"template":"","format":"standard","meta":{"footnotes":""},"categories":[1524,2,1516,13,887,12],"tags":[4035,156,47],"_links":{"self":[{"href":"https:\/\/centralmedia.rs\/index.php\/wp-json\/wp\/v2\/posts\/20127"}],"collection":[{"href":"https:\/\/centralmedia.rs\/index.php\/wp-json\/wp\/v2\/posts"}],"about":[{"href":"https:\/\/centralmedia.rs\/index.php\/wp-json\/wp\/v2\/types\/post"}],"author":[{"embeddable":true,"href":"https:\/\/centralmedia.rs\/index.php\/wp-json\/wp\/v2\/users\/2"}],"replies":[{"embeddable":true,"href":"https:\/\/centralmedia.rs\/index.php\/wp-json\/wp\/v2\/comments?post=20127"}],"version-history":[{"count":1,"href":"https:\/\/centralmedia.rs\/index.php\/wp-json\/wp\/v2\/posts\/20127\/revisions"}],"predecessor-version":[{"id":20133,"href":"https:\/\/centralmedia.rs\/index.php\/wp-json\/wp\/v2\/posts\/20127\/revisions\/20133"}],"wp:featuredmedia":[{"embeddable":true,"href":"https:\/\/centralmedia.rs\/index.php\/wp-json\/wp\/v2\/media\/20128"}],"wp:attachment":[{"href":"https:\/\/centralmedia.rs\/index.php\/wp-json\/wp\/v2\/media?parent=20127"}],"wp:term":[{"taxonomy":"category","embeddable":true,"href":"https:\/\/centralmedia.rs\/index.php\/wp-json\/wp\/v2\/categories?post=20127"},{"taxonomy":"post_tag","embeddable":true,"href":"https:\/\/centralmedia.rs\/index.php\/wp-json\/wp\/v2\/tags?post=20127"}],"curies":[{"name":"wp","href":"https:\/\/api.w.org\/{rel}","templated":true}]}}