{"id":2015,"date":"2016-02-02T15:02:46","date_gmt":"2016-02-02T15:02:46","guid":{"rendered":"http:\/\/centralmedia.rs\/?p=2015"},"modified":"2016-02-02T15:03:05","modified_gmt":"2016-02-02T15:03:05","slug":"alempijevic-predsednik-jagodinskih-demokrata","status":"publish","type":"post","link":"https:\/\/centralmedia.rs\/index.php\/2016\/02\/02\/alempijevic-predsednik-jagodinskih-demokrata\/","title":{"rendered":"ALEMPIJEVI\u0106 PREDSEDNIK JAGODINSKIH DEMOKRATA"},"content":{"rendered":"<p>JAGODINA-Dragan Alempijevi\u0107 postavljen je za vd predsednika DS u Jagodini. Posle prelaska Sa\u0161e Jankovi\u0107a u Pokret levica Srbije, mesto predsednika ostalo je upra\u017enjeno.<\/p>\n","protected":false},"excerpt":{"rendered":"<p>JAGODINA-Dragan Alempijevi\u0107 postavljen je za vd predsednika DS u Jagodini. Posle prelaska Sa\u0161e Jankovi\u0107a u Pokret levica Srbije, mesto predsednika ostalo je upra\u017enjeno.<\/p>\n","protected":false},"author":4,"featured_media":2016,"comment_status":"open","ping_status":"open","sticky":false,"template":"","format":"standard","meta":{"footnotes":""},"categories":[2,13,12],"tags":[511,372,58],"_links":{"self":[{"href":"https:\/\/centralmedia.rs\/index.php\/wp-json\/wp\/v2\/posts\/2015"}],"collection":[{"href":"https:\/\/centralmedia.rs\/index.php\/wp-json\/wp\/v2\/posts"}],"about":[{"href":"https:\/\/centralmedia.rs\/index.php\/wp-json\/wp\/v2\/types\/post"}],"author":[{"embeddable":true,"href":"https:\/\/centralmedia.rs\/index.php\/wp-json\/wp\/v2\/users\/4"}],"replies":[{"embeddable":true,"href":"https:\/\/centralmedia.rs\/index.php\/wp-json\/wp\/v2\/comments?post=2015"}],"version-history":[{"count":0,"href":"https:\/\/centralmedia.rs\/index.php\/wp-json\/wp\/v2\/posts\/2015\/revisions"}],"wp:featuredmedia":[{"embeddable":true,"href":"https:\/\/centralmedia.rs\/index.php\/wp-json\/wp\/v2\/media\/2016"}],"wp:attachment":[{"href":"https:\/\/centralmedia.rs\/index.php\/wp-json\/wp\/v2\/media?parent=2015"}],"wp:term":[{"taxonomy":"category","embeddable":true,"href":"https:\/\/centralmedia.rs\/index.php\/wp-json\/wp\/v2\/categories?post=2015"},{"taxonomy":"post_tag","embeddable":true,"href":"https:\/\/centralmedia.rs\/index.php\/wp-json\/wp\/v2\/tags?post=2015"}],"curies":[{"name":"wp","href":"https:\/\/api.w.org\/{rel}","templated":true}]}}