{"id":20308,"date":"2019-09-26T17:25:13","date_gmt":"2019-09-26T17:25:13","guid":{"rendered":"http:\/\/centralmedia.rs\/?p=20308"},"modified":"2019-10-03T12:17:50","modified_gmt":"2019-10-03T12:17:50","slug":"paunovic-se-prikljucio-radnoj-akciji-u-busilovcu","status":"publish","type":"post","link":"https:\/\/centralmedia.rs\/index.php\/2019\/09\/26\/paunovic-se-prikljucio-radnoj-akciji-u-busilovcu\/","title":{"rendered":"PAUNOVI\u0106 SE PRIKLJU\u010cIO RADNOJ AKCIJI U BUSILOVCU"},"content":{"rendered":"<p>PARA\u0106IN- U Busilovcu je odr\u017eana prva radna akcija Udru\u017eenja &#8220;Lokalna akciona grupa Para\u0107in&#8221;, u cilju kr\u010denja rastinja na putnom pojasu, du\u017e Partizanske ulice. Akciji su se, pored predsednika op\u0161tine Para\u0107ine Sa\u0161e Paunovi\u0107a, pridru\u017eili i njegovi najbli\u017ei saradnici.<\/p>\n<p>-Najve\u0107i problem seoskih mesnih zajednica je lo\u0161e odr\u017eavanje pojasa izme\u0111u privatnih parcela i puteva. Pokazujemo da se problemi mogu re\u0161avati anga\u017eovanjem gra\u0111ana. Gra\u0111ani o\u010dekuju pomo\u0107 op\u0161tine i dr\u017eave tamo gde je to njihova obaveza. Me\u0161tani preko ovog primera mogu da vide da mogu da pomognu nemo\u0107nima, kao i da odr\u017eavaju parcele pored puta. \u017delimo uredne seoske ulice i poljske puteve. Podr\u017eava\u0107emo i druge mesne zajednice koje poku\u0161avaju na ovaj na\u010din da re\u0161avaju probleme, rekao je predsednik te op\u0161tine Sa\u0161a Paunovi\u0107\u00a0i dodao ako vam treba \u010di\u0161\u0107enje rastinja pored puta javite se ekipi iz LAG-a.<\/p>\n<div id='gallery-1' class='gallery galleryid-20308 gallery-columns-3 gallery-size-thumbnail'><figure class='gallery-item'>\n\t\t\t<div class='gallery-icon landscape'>\n\t\t\t\t<a href='https:\/\/centralmedia.rs\/busilovac\/'><img loading=\"lazy\" decoding=\"async\" width=\"150\" height=\"150\" src=\"https:\/\/centralmedia.rs\/wp-content\/uploads\/2019\/09\/busilovac-150x150.jpg\" class=\"attachment-thumbnail size-thumbnail\" alt=\"\" \/><\/a>\n\t\t\t<\/div><\/figure><figure class='gallery-item'>\n\t\t\t<div class='gallery-icon portrait'>\n\t\t\t\t<a href='https:\/\/centralmedia.rs\/busilovac1\/'><img loading=\"lazy\" decoding=\"async\" width=\"150\" height=\"150\" src=\"https:\/\/centralmedia.rs\/wp-content\/uploads\/2019\/09\/busilovac1-150x150.jpg\" class=\"attachment-thumbnail size-thumbnail\" alt=\"\" \/><\/a>\n\t\t\t<\/div><\/figure><figure class='gallery-item'>\n\t\t\t<div class='gallery-icon landscape'>\n\t\t\t\t<a href='https:\/\/centralmedia.rs\/busilovac2\/'><img loading=\"lazy\" decoding=\"async\" width=\"150\" height=\"150\" src=\"https:\/\/centralmedia.rs\/wp-content\/uploads\/2019\/09\/busilovac2-150x150.jpg\" class=\"attachment-thumbnail size-thumbnail\" alt=\"\" \/><\/a>\n\t\t\t<\/div><\/figure>\n\t\t<\/div>\n\n<p>.<\/p>\n","protected":false},"excerpt":{"rendered":"<p>PARA\u0106IN- U Busilovcu je odr\u017eana prva radna akcija Udru\u017eenja &#8220;Lokalna akciona grupa Para\u0107in&#8221;, u cilju kr\u010denja rastinja na putnom pojasu, du\u017e Partizanske ulice. Akciji su &hellip; <\/p>\n","protected":false},"author":2,"featured_media":20317,"comment_status":"open","ping_status":"open","sticky":false,"template":"","format":"standard","meta":{"footnotes":""},"categories":[1524,2,1516,887,16,12,1],"tags":[3852,156,4065],"_links":{"self":[{"href":"https:\/\/centralmedia.rs\/index.php\/wp-json\/wp\/v2\/posts\/20308"}],"collection":[{"href":"https:\/\/centralmedia.rs\/index.php\/wp-json\/wp\/v2\/posts"}],"about":[{"href":"https:\/\/centralmedia.rs\/index.php\/wp-json\/wp\/v2\/types\/post"}],"author":[{"embeddable":true,"href":"https:\/\/centralmedia.rs\/index.php\/wp-json\/wp\/v2\/users\/2"}],"replies":[{"embeddable":true,"href":"https:\/\/centralmedia.rs\/index.php\/wp-json\/wp\/v2\/comments?post=20308"}],"version-history":[{"count":2,"href":"https:\/\/centralmedia.rs\/index.php\/wp-json\/wp\/v2\/posts\/20308\/revisions"}],"predecessor-version":[{"id":20361,"href":"https:\/\/centralmedia.rs\/index.php\/wp-json\/wp\/v2\/posts\/20308\/revisions\/20361"}],"wp:featuredmedia":[{"embeddable":true,"href":"https:\/\/centralmedia.rs\/index.php\/wp-json\/wp\/v2\/media\/20317"}],"wp:attachment":[{"href":"https:\/\/centralmedia.rs\/index.php\/wp-json\/wp\/v2\/media?parent=20308"}],"wp:term":[{"taxonomy":"category","embeddable":true,"href":"https:\/\/centralmedia.rs\/index.php\/wp-json\/wp\/v2\/categories?post=20308"},{"taxonomy":"post_tag","embeddable":true,"href":"https:\/\/centralmedia.rs\/index.php\/wp-json\/wp\/v2\/tags?post=20308"}],"curies":[{"name":"wp","href":"https:\/\/api.w.org\/{rel}","templated":true}]}}