{"id":20346,"date":"2019-09-26T21:12:02","date_gmt":"2019-09-26T21:12:02","guid":{"rendered":"http:\/\/centralmedia.rs\/?p=20346"},"modified":"2019-10-03T12:18:53","modified_gmt":"2019-10-03T12:18:53","slug":"centar-za-razvoj-mladih-preduzetnika","status":"publish","type":"post","link":"https:\/\/centralmedia.rs\/index.php\/2019\/09\/26\/centar-za-razvoj-mladih-preduzetnika\/","title":{"rendered":"CENTAR ZA RAZVOJ MLADIH PREDUZETNIKA"},"content":{"rendered":"<p>SVILAJNAC- \u201eOp\u0161tina Svilajnac dobi\u0107e prvi Regionalni inovacioni startap centar, kako bi mladi in\u017eenjeri i budu\u0107i tehnolo\u0161ki preduzetnici iz ove op\u0161tine imali najbolje uslove za razvoj svojih preduzetni\u010dkih i inovacionih potencijala\u201c, izjavio je ministar za inovacije i tehnolo\u0161ki razvoj Nenad Popovi\u0107 na sve\u010danoj dodeli Ugovora o dodeli sredstava za otvaranje Regionalnog inovacionog startap centra u Svilajncu.<\/p>\n<div id='gallery-1' class='gallery galleryid-20346 gallery-columns-2 gallery-size-full'><figure class='gallery-item'>\n\t\t\t<div class='gallery-icon landscape'>\n\t\t\t\t<a href='https:\/\/centralmedia.rs\/index.php\/2019\/09\/26\/centar-za-razvoj-mladih-preduzetnika\/popovic-2\/'><img loading=\"lazy\" decoding=\"async\" width=\"2048\" height=\"1365\" src=\"https:\/\/centralmedia.rs\/wp-content\/uploads\/2019\/09\/popovic.jpg\" class=\"attachment-full size-full\" alt=\"\" srcset=\"https:\/\/centralmedia.rs\/wp-content\/uploads\/2019\/09\/popovic.jpg 2048w, https:\/\/centralmedia.rs\/wp-content\/uploads\/2019\/09\/popovic-300x200.jpg 300w, https:\/\/centralmedia.rs\/wp-content\/uploads\/2019\/09\/popovic-768x512.jpg 768w, https:\/\/centralmedia.rs\/wp-content\/uploads\/2019\/09\/popovic-1024x683.jpg 1024w, https:\/\/centralmedia.rs\/wp-content\/uploads\/2019\/09\/popovic-630x420.jpg 630w, https:\/\/centralmedia.rs\/wp-content\/uploads\/2019\/09\/popovic-640x427.jpg 640w, https:\/\/centralmedia.rs\/wp-content\/uploads\/2019\/09\/popovic-681x454.jpg 681w\" sizes=\"(max-width: 2048px) 100vw, 2048px\" \/><\/a>\n\t\t\t<\/div><\/figure><figure class='gallery-item'>\n\t\t\t<div class='gallery-icon landscape'>\n\t\t\t\t<a href='https:\/\/centralmedia.rs\/index.php\/2019\/09\/26\/centar-za-razvoj-mladih-preduzetnika\/popovic2\/'><img loading=\"lazy\" decoding=\"async\" width=\"2048\" height=\"1365\" src=\"https:\/\/centralmedia.rs\/wp-content\/uploads\/2019\/09\/popovic2.jpg\" class=\"attachment-full size-full\" alt=\"\" srcset=\"https:\/\/centralmedia.rs\/wp-content\/uploads\/2019\/09\/popovic2.jpg 2048w, https:\/\/centralmedia.rs\/wp-content\/uploads\/2019\/09\/popovic2-300x200.jpg 300w, https:\/\/centralmedia.rs\/wp-content\/uploads\/2019\/09\/popovic2-768x512.jpg 768w, https:\/\/centralmedia.rs\/wp-content\/uploads\/2019\/09\/popovic2-1024x683.jpg 1024w, https:\/\/centralmedia.rs\/wp-content\/uploads\/2019\/09\/popovic2-630x420.jpg 630w, https:\/\/centralmedia.rs\/wp-content\/uploads\/2019\/09\/popovic2-640x427.jpg 640w, https:\/\/centralmedia.rs\/wp-content\/uploads\/2019\/09\/popovic2-681x454.jpg 681w\" sizes=\"(max-width: 2048px) 100vw, 2048px\" \/><\/a>\n\t\t\t<\/div><\/figure>\n\t\t<\/div>\n\n<p>Na sve\u010danosti koju je organizovala op\u0161tina Svilajnac, Popovi\u0107 je podsetio\u00a0da su potencijali op\u0161tine prepoznati od strane renomiranih svetskih kompanija.<br \/>\n\u201ePrisustvo fabrike Panasonik u maloj srpskoj op\u0161tini pokazuje da je talenat i potencijal na\u0161ih in\u017eenjera i tehni\u010dkih kadrova prepoznat od strane svetskih giganata\u201c ka\u017ee Popovi\u0107 i dodaje da se u Svilajncu o\u010dekuju nove investicije \u0161to, prema njegovim re\u010dima, otvaranje startap centra u op\u0161tini Svilajnac \u010dini jo\u0161 zna\u010dajnijim.<br \/>\n\u201eTrend u svetu je da velike kompanije ostvaruju saradnju sa malim startap kompanijama koje ni\u010du upravo u ovakvim Regionalnim inovacionim startap centrima. \u017delimo da se svi oni koji zavr\u0161e tehni\u010dke fakultete, vrate u svoja mesta i odatle, kroz inovacione startap centre, otpo\u010dnu svoj biznis\u201d, rekao je Popovi\u0107.<br \/>\nMinistar za inovacije i tehnolo\u0161ki razvoj je naglasio da \u0107e budu\u0107im tehnolo\u0161kim preduzetnicima, inovatorima i mladim startap kompanijama pored podr\u0161ke Vlade Republike Srbije i lokalne samouprave, u okviru Regionalnih inovacionih startap centara, biti omogu\u0107ena puna mentorska podr\u0161ka za izlazak na tr\u017ei\u0161te.<br \/>\n\u201eSvi oni koji \u017eele da se bave inovacijama dobija\u0107e edukaciju od najboljih srpskih i evropskih stru\u010dnjaka kako da svoj inovacioni proizvod ili uslugu dovedu od ideje do realizacije. Isto tako mo\u0107i \u0107e i da se umre\u017ee sa drugim startap centrima u Srbiji i da razmenjuju znanja i iskustva na efikasan na\u010din putem video konferencijske veze\u201c, kazao je Popovi\u0107.<br \/>\nNa sve\u010danoj dodeli Ugovora prisutnima se obratio i predsednik op\u0161tine Svilajnac Predrag Milanovi\u0107. On je iskazao potrebu lokalne samouprave za mladim ljudima koji imaju inovativne ideje i nameru op\u0161tinskog rukovodstva da takve potencijale zadr\u017ei u Svilajncu.<br \/>\n\u201eOsnivanje Regionalnog inovacionog startap centra u Svilajncu je \u0161ansa da zadr\u017eimo mlade u na\u0161oj op\u0161tini kako bi svojim inovacionim idejama i preduzetni\u010dkim inicijativama doprineli razvoju Svilajnca i Republike Srbije u celini\u201c, zaklju\u010dio je Milanovi\u0107.<br \/>\nOn se zahvalio ministru Popovi\u0107u na dodeljenim sredstvima i izrazio uverenje da se uspostavljanjem startap centra u Svilajncu otvara nova perspektiva razvoja ove op\u0161tine zasnovana na inovacijama i novim tehnologijama.<br \/>\nUgovorom o realizaciji Regionalnog inovacionog startap centra u Svilajncu, dodeljena su sredstva u iznosu od 46 milona dinara op\u0161tini Svilajnac i Udru\u017eenju gra\u0111ana za razvoj tehnolo\u0161koj preduzetni\u0161tva ICT Hub iz Beograda.<\/p>\n","protected":false},"excerpt":{"rendered":"<p>SVILAJNAC- \u201eOp\u0161tina Svilajnac dobi\u0107e prvi Regionalni inovacioni startap centar, kako bi mladi in\u017eenjeri i budu\u0107i tehnolo\u0161ki preduzetnici iz ove op\u0161tine imali najbolje uslove za razvoj &hellip; <\/p>\n","protected":false},"author":2,"featured_media":20347,"comment_status":"open","ping_status":"open","sticky":false,"template":"","format":"standard","meta":{"footnotes":""},"categories":[22,1524,2,887,12,1517],"tags":[4069,4068,38],"_links":{"self":[{"href":"https:\/\/centralmedia.rs\/index.php\/wp-json\/wp\/v2\/posts\/20346"}],"collection":[{"href":"https:\/\/centralmedia.rs\/index.php\/wp-json\/wp\/v2\/posts"}],"about":[{"href":"https:\/\/centralmedia.rs\/index.php\/wp-json\/wp\/v2\/types\/post"}],"author":[{"embeddable":true,"href":"https:\/\/centralmedia.rs\/index.php\/wp-json\/wp\/v2\/users\/2"}],"replies":[{"embeddable":true,"href":"https:\/\/centralmedia.rs\/index.php\/wp-json\/wp\/v2\/comments?post=20346"}],"version-history":[{"count":1,"href":"https:\/\/centralmedia.rs\/index.php\/wp-json\/wp\/v2\/posts\/20346\/revisions"}],"predecessor-version":[{"id":20350,"href":"https:\/\/centralmedia.rs\/index.php\/wp-json\/wp\/v2\/posts\/20346\/revisions\/20350"}],"wp:featuredmedia":[{"embeddable":true,"href":"https:\/\/centralmedia.rs\/index.php\/wp-json\/wp\/v2\/media\/20347"}],"wp:attachment":[{"href":"https:\/\/centralmedia.rs\/index.php\/wp-json\/wp\/v2\/media?parent=20346"}],"wp:term":[{"taxonomy":"category","embeddable":true,"href":"https:\/\/centralmedia.rs\/index.php\/wp-json\/wp\/v2\/categories?post=20346"},{"taxonomy":"post_tag","embeddable":true,"href":"https:\/\/centralmedia.rs\/index.php\/wp-json\/wp\/v2\/tags?post=20346"}],"curies":[{"name":"wp","href":"https:\/\/api.w.org\/{rel}","templated":true}]}}