{"id":20375,"date":"2019-09-27T17:07:57","date_gmt":"2019-09-27T17:07:57","guid":{"rendered":"http:\/\/centralmedia.rs\/?p=20375"},"modified":"2019-10-03T12:15:54","modified_gmt":"2019-10-03T12:15:54","slug":"svecano-obelezen-dan-opstine-paracin-paunovic-jos-smo-ovde-pancevacke-kikboksere-i-kriminalce-iz-kosovske-mitrovice","status":"publish","type":"post","link":"https:\/\/centralmedia.rs\/index.php\/2019\/09\/27\/svecano-obelezen-dan-opstine-paracin-paunovic-jos-smo-ovde-pancevacke-kikboksere-i-kriminalce-iz-kosovske-mitrovice\/","title":{"rendered":"SVE\u010cANO OBELE\u017dEN DAN OP\u0160TINE PARA\u0106IN &#8211; PAUNOVI\u0106:  &#8220;JO\u0160 SMO OVDE, \u010cEKAMO PAN\u010cEVA\u010cKE KIKBOKSERE I KRIMINALCE IZ KOSOVSKE MITROVICE&#8221;"},"content":{"rendered":"<p>PARA\u0106IN- Danas je sve\u010dano obele\u017een Dan op\u0161tine Para\u0107in. Otvorena je saobra\u0107ajnica sa novim\u00a0 blokom parcela u Industrijskoj zoni, potpisani Sporazumi o pobratimstvu sa Pazinom u Hrvatskoj i Pljevljima u Crnoj Gori, u gostima su predstavnici gradova pobratima Murske Sobote iz Slovenije, Krapine iz Hrvatske, Jablanice iz BIH i Kotor Varo\u0161i iz Republike Srpske, otvoren je Amfiteatar pod kupolom Kulturnog centra gde \u0107e se odr\u017eavati sednice SO. Posle 5 godina od katastrofalne poplave u sali Pozori\u0161ta odr\u017eana je Sve\u010dana sednica SO. Predsednik op\u0161tine Sa\u0161a Paunovi\u0107 je na po\u010detku primio goste iz pobratimskih gradova, koji nisu skrivali da su pozitivno iznena\u0111eni novim investicijama, pozitivnim promenama i novim objektima. Za kraj oktobra najavljen je po\u010detak izgradnje Industrijskog parka od vi\u0161e hiljada kvadrata. Do kraja godine u Industrijskoj zoni bi\u0107e 22 investitora. U proteklih nekoliko godina u Para\u0107inu je za 78 investitora izdato 94 gra\u0111evinske dozvola za blizu 73 hiljade kvadrata proizvodnih objekata. U novootvorenom Amfiteatru pod kupolom Kulturnog centra potpisan je Sporazum o pobratimstvu Para\u0107ina sa Pazinom i Pljevljima. Uru\u010dena su priznanja i nov\u010dane nagrade najzalu\u017enijima. Me\u0111u nagra\u0111enima su Danijela Radonji\u0107, Biljana Milenovi\u0107 Stojanovi\u0107 \u00a0i Slobodan \u0110or\u0111evi\u0107, koji su, po re\u010dima Paunovi\u0107a, hap\u0161eni bez osnova i ucenama im je iznu\u0111ivano priznanje krivice. Danijela Radonji\u0107 je otvorila, presecanjem vrpce, Amfitetar po kupolom Kulturnog centra. U govoru na Sve\u010danoj sednici SO Paunovi\u0107 se ostvrnuo na aktuelna politi\u010dka de\u0161avanja.<\/p>\n<p>&#8211; Za nas sa ove strane policija je privatna, tu\u017eila\u0161tvo partijsko, du\u017eni smo da ih trpimo zbog sile kojom raspola\u017eu, kao \u0161to se trpe okupacione trupe, dok ne oja\u010da pokret otpora i krene borba za slobodu. Pretili ste, lagali ste, ucenjivali, podmi\u0107ivali, hapsili i evo nas jo\u0161 ovde da sa\u010dekamo, posle rudara iz Despotovca, pan\u010deva\u010dke kikboksere i kriminalce iz Kosovske Mitrovice, poru\u010dio je Paunovi\u0107 i pozvao gra\u0111ane da se okupe, menjaju takve stvari, te grade dr\u017eavu u kojoj su svi jednaki pred zakonom i ne postavlja se pitanje prava na slobodu i jednakost.<\/p>\n<div id='gallery-1' class='gallery galleryid-20375 gallery-columns-7 gallery-size-thumbnail'><figure class='gallery-item'>\n\t\t\t<div class='gallery-icon landscape'>\n\t\t\t\t<a href='https:\/\/centralmedia.rs\/index.php\/2019\/09\/27\/svecano-obelezen-dan-opstine-paracin-paunovic-jos-smo-ovde-pancevacke-kikboksere-i-kriminalce-iz-kosovske-mitrovice\/svecana-sednica-so\/'><img loading=\"lazy\" decoding=\"async\" width=\"150\" height=\"150\" src=\"https:\/\/centralmedia.rs\/wp-content\/uploads\/2019\/09\/svecana-sednica-so-150x150.jpg\" class=\"attachment-thumbnail size-thumbnail\" alt=\"\" \/><\/a>\n\t\t\t<\/div><\/figure><figure class='gallery-item'>\n\t\t\t<div class='gallery-icon landscape'>\n\t\t\t\t<a href='https:\/\/centralmedia.rs\/index.php\/2019\/09\/27\/svecano-obelezen-dan-opstine-paracin-paunovic-jos-smo-ovde-pancevacke-kikboksere-i-kriminalce-iz-kosovske-mitrovice\/svecana-sednica-so1\/'><img loading=\"lazy\" decoding=\"async\" width=\"150\" height=\"150\" src=\"https:\/\/centralmedia.rs\/wp-content\/uploads\/2019\/09\/svecana-sednica-so1-150x150.jpg\" class=\"attachment-thumbnail size-thumbnail\" alt=\"\" \/><\/a>\n\t\t\t<\/div><\/figure><figure class='gallery-item'>\n\t\t\t<div class='gallery-icon landscape'>\n\t\t\t\t<a href='https:\/\/centralmedia.rs\/index.php\/2019\/09\/27\/svecano-obelezen-dan-opstine-paracin-paunovic-jos-smo-ovde-pancevacke-kikboksere-i-kriminalce-iz-kosovske-mitrovice\/hor-skole\/'><img loading=\"lazy\" decoding=\"async\" width=\"150\" height=\"150\" src=\"https:\/\/centralmedia.rs\/wp-content\/uploads\/2019\/09\/hor-skole-150x150.jpg\" class=\"attachment-thumbnail size-thumbnail\" alt=\"\" \/><\/a>\n\t\t\t<\/div><\/figure><figure class='gallery-item'>\n\t\t\t<div class='gallery-icon landscape'>\n\t\t\t\t<a href='https:\/\/centralmedia.rs\/index.php\/2019\/09\/27\/svecano-obelezen-dan-opstine-paracin-paunovic-jos-smo-ovde-pancevacke-kikboksere-i-kriminalce-iz-kosovske-mitrovice\/mitic\/'><img loading=\"lazy\" decoding=\"async\" width=\"150\" height=\"150\" src=\"https:\/\/centralmedia.rs\/wp-content\/uploads\/2019\/09\/mitic-150x150.jpg\" class=\"attachment-thumbnail size-thumbnail\" alt=\"\" \/><\/a>\n\t\t\t<\/div><\/figure><figure class='gallery-item'>\n\t\t\t<div class='gallery-icon landscape'>\n\t\t\t\t<a href='https:\/\/centralmedia.rs\/index.php\/2019\/09\/27\/svecano-obelezen-dan-opstine-paracin-paunovic-jos-smo-ovde-pancevacke-kikboksere-i-kriminalce-iz-kosovske-mitrovice\/paunovic-6\/'><img loading=\"lazy\" decoding=\"async\" width=\"150\" height=\"150\" src=\"https:\/\/centralmedia.rs\/wp-content\/uploads\/2019\/09\/paunovic-150x150.jpg\" class=\"attachment-thumbnail size-thumbnail\" alt=\"\" \/><\/a>\n\t\t\t<\/div><\/figure><figure class='gallery-item'>\n\t\t\t<div class='gallery-icon landscape'>\n\t\t\t\t<a href='https:\/\/centralmedia.rs\/index.php\/2019\/09\/27\/svecano-obelezen-dan-opstine-paracin-paunovic-jos-smo-ovde-pancevacke-kikboksere-i-kriminalce-iz-kosovske-mitrovice\/svecana-sednica-so-2\/'><img loading=\"lazy\" decoding=\"async\" width=\"150\" height=\"150\" src=\"https:\/\/centralmedia.rs\/wp-content\/uploads\/2019\/09\/svecana-sednica-so-1-150x150.jpg\" class=\"attachment-thumbnail size-thumbnail\" alt=\"\" \/><\/a>\n\t\t\t<\/div><\/figure><figure class='gallery-item'>\n\t\t\t<div class='gallery-icon landscape'>\n\t\t\t\t<a href='https:\/\/centralmedia.rs\/index.php\/2019\/09\/27\/svecano-obelezen-dan-opstine-paracin-paunovic-jos-smo-ovde-pancevacke-kikboksere-i-kriminalce-iz-kosovske-mitrovice\/svecana-sednica-so2\/'><img loading=\"lazy\" decoding=\"async\" width=\"150\" height=\"150\" src=\"https:\/\/centralmedia.rs\/wp-content\/uploads\/2019\/09\/svecana-sednica-so2-150x150.jpg\" class=\"attachment-thumbnail size-thumbnail\" alt=\"\" \/><\/a>\n\t\t\t<\/div><\/figure>\n\t\t<\/div>\n\n<p>Predsednik SO Dragana Miti\u0107 otvorio je Sve\u010danu sednicu para\u0107inskog parlamenta, kojoj su prisustvovali prvi ljudi najva\u017enijih institucija,\u00a0 i podsetio da je protekla godina bila veoma uspe\u0161na u pogledu rekordnih investicija, koje su nastale kao plod vi\u0161egodi\u0161njeg rada, anga\u017eovanja stru\u010dnih ljudi koji predstavljaju uigran tim.<\/p>\n<p>-Tu mislim na realizaciju projekata odbrane od poplava i re\u0161avanje problema vodosnabdevanja, odnosno zamenom cevovoda i izgradnjom 6 bunara. Re\u0161avamo ove vi\u0161edecinijske probleme za budu\u0107e generacije, rekao je Miti\u0107 i dodao da je parlament prakti\u010dno bio u neprekidnom zasedanju, odr\u017eano je 27 sednica sa preko 1.000 usvojenih ta\u010daka dnevnog reda.<\/p>\n<p>-Zahvaljujem se odbornicima, jer su bili podvrgunti neverovatnim pritiscima da promene stranu, poni\u0161te izbornu volju gra\u0111ana i dovedu gubitnike izbora na vlast. Nije se prezalo ni od pretnji fizi\u010dkom silom, pretnji \u010dlanovima porodica, pa sve do ucena o gubitku radnih mesta. Nevi\u0111ena zloupotreba dr\u017eavnih organa, pre svega dela policije i tu\u017eila\u0161tva u politi\u010dke svrhe, i njihova povezanost sa lokalnim\u00a0 tajkunima i kriminalcima u d\u017eipovima. Prvi put u Para\u0107inu svedoci smo progona, maltretiranja, iznu\u0111ivanja priznanja i hap\u0161enja, rekao je Miti\u0107 i to ilustrovao odborni\u010dkim pitanjima.<\/p>\n<div id='gallery-2' class='gallery galleryid-20375 gallery-columns-9 gallery-size-thumbnail'><figure class='gallery-item'>\n\t\t\t<div class='gallery-icon landscape'>\n\t\t\t\t<a href='https:\/\/centralmedia.rs\/index.php\/2019\/09\/27\/svecano-obelezen-dan-opstine-paracin-paunovic-jos-smo-ovde-pancevacke-kikboksere-i-kriminalce-iz-kosovske-mitrovice\/fontana-6\/'><img loading=\"lazy\" decoding=\"async\" width=\"150\" height=\"150\" src=\"https:\/\/centralmedia.rs\/wp-content\/uploads\/2019\/09\/fontana-1-150x150.jpg\" class=\"attachment-thumbnail size-thumbnail\" alt=\"\" \/><\/a>\n\t\t\t<\/div><\/figure><figure class='gallery-item'>\n\t\t\t<div class='gallery-icon landscape'>\n\t\t\t\t<a href='https:\/\/centralmedia.rs\/index.php\/2019\/09\/27\/svecano-obelezen-dan-opstine-paracin-paunovic-jos-smo-ovde-pancevacke-kikboksere-i-kriminalce-iz-kosovske-mitrovice\/kupola-4\/'><img loading=\"lazy\" decoding=\"async\" width=\"150\" height=\"150\" src=\"https:\/\/centralmedia.rs\/wp-content\/uploads\/2019\/09\/kupola-150x150.jpg\" class=\"attachment-thumbnail size-thumbnail\" alt=\"\" \/><\/a>\n\t\t\t<\/div><\/figure><figure class='gallery-item'>\n\t\t\t<div class='gallery-icon landscape'>\n\t\t\t\t<a href='https:\/\/centralmedia.rs\/index.php\/2019\/09\/27\/svecano-obelezen-dan-opstine-paracin-paunovic-jos-smo-ovde-pancevacke-kikboksere-i-kriminalce-iz-kosovske-mitrovice\/kupola1\/'><img loading=\"lazy\" decoding=\"async\" width=\"150\" height=\"150\" src=\"https:\/\/centralmedia.rs\/wp-content\/uploads\/2019\/09\/kupola1-150x150.jpg\" class=\"attachment-thumbnail size-thumbnail\" alt=\"\" \/><\/a>\n\t\t\t<\/div><\/figure><figure class='gallery-item'>\n\t\t\t<div class='gallery-icon landscape'>\n\t\t\t\t<a href='https:\/\/centralmedia.rs\/index.php\/2019\/09\/27\/svecano-obelezen-dan-opstine-paracin-paunovic-jos-smo-ovde-pancevacke-kikboksere-i-kriminalce-iz-kosovske-mitrovice\/paunovic-radonjic\/'><img loading=\"lazy\" decoding=\"async\" width=\"150\" height=\"150\" src=\"https:\/\/centralmedia.rs\/wp-content\/uploads\/2019\/09\/paunovic-radonjic-150x150.jpg\" class=\"attachment-thumbnail size-thumbnail\" alt=\"\" \/><\/a>\n\t\t\t<\/div><\/figure><figure class='gallery-item'>\n\t\t\t<div class='gallery-icon landscape'>\n\t\t\t\t<a href='https:\/\/centralmedia.rs\/index.php\/2019\/09\/27\/svecano-obelezen-dan-opstine-paracin-paunovic-jos-smo-ovde-pancevacke-kikboksere-i-kriminalce-iz-kosovske-mitrovice\/pobratimi-2\/'><img loading=\"lazy\" decoding=\"async\" width=\"150\" height=\"150\" src=\"https:\/\/centralmedia.rs\/wp-content\/uploads\/2019\/09\/pobratimi-150x150.jpg\" class=\"attachment-thumbnail size-thumbnail\" alt=\"\" \/><\/a>\n\t\t\t<\/div><\/figure><figure class='gallery-item'>\n\t\t\t<div class='gallery-icon landscape'>\n\t\t\t\t<a href='https:\/\/centralmedia.rs\/index.php\/2019\/09\/27\/svecano-obelezen-dan-opstine-paracin-paunovic-jos-smo-ovde-pancevacke-kikboksere-i-kriminalce-iz-kosovske-mitrovice\/pobratimi1\/'><img loading=\"lazy\" decoding=\"async\" width=\"150\" height=\"150\" src=\"https:\/\/centralmedia.rs\/wp-content\/uploads\/2019\/09\/pobratimi1-150x150.jpg\" class=\"attachment-thumbnail size-thumbnail\" alt=\"\" \/><\/a>\n\t\t\t<\/div><\/figure><figure class='gallery-item'>\n\t\t\t<div class='gallery-icon landscape'>\n\t\t\t\t<a href='https:\/\/centralmedia.rs\/index.php\/2019\/09\/27\/svecano-obelezen-dan-opstine-paracin-paunovic-jos-smo-ovde-pancevacke-kikboksere-i-kriminalce-iz-kosovske-mitrovice\/pobratimi2\/'><img loading=\"lazy\" decoding=\"async\" width=\"150\" height=\"150\" src=\"https:\/\/centralmedia.rs\/wp-content\/uploads\/2019\/09\/pobratimi2-150x150.jpg\" class=\"attachment-thumbnail size-thumbnail\" alt=\"\" \/><\/a>\n\t\t\t<\/div><\/figure><figure class='gallery-item'>\n\t\t\t<div class='gallery-icon landscape'>\n\t\t\t\t<a href='https:\/\/centralmedia.rs\/index.php\/2019\/09\/27\/svecano-obelezen-dan-opstine-paracin-paunovic-jos-smo-ovde-pancevacke-kikboksere-i-kriminalce-iz-kosovske-mitrovice\/sns-7\/'><img loading=\"lazy\" decoding=\"async\" width=\"150\" height=\"150\" src=\"https:\/\/centralmedia.rs\/wp-content\/uploads\/2019\/09\/sns-150x150.jpg\" class=\"attachment-thumbnail size-thumbnail\" alt=\"\" \/><\/a>\n\t\t\t<\/div><\/figure><figure class='gallery-item'>\n\t\t\t<div class='gallery-icon landscape'>\n\t\t\t\t<a href='https:\/\/centralmedia.rs\/index.php\/2019\/09\/27\/svecano-obelezen-dan-opstine-paracin-paunovic-jos-smo-ovde-pancevacke-kikboksere-i-kriminalce-iz-kosovske-mitrovice\/zmic-2\/'><img loading=\"lazy\" decoding=\"async\" width=\"150\" height=\"150\" src=\"https:\/\/centralmedia.rs\/wp-content\/uploads\/2019\/09\/zmic-150x150.jpg\" class=\"attachment-thumbnail size-thumbnail\" alt=\"\" \/><\/a>\n\t\t\t<\/div><\/figure>\n\t\t<\/div>\n\n<p>Ispred sale Pozori\u0161ta u toku Sve\u010dane sednice trajao je protest aktivistkinja SNS, zahtevana je ostavka predsednika SO Dragana Miti\u0107a, koji se prilikom izlaska iz sale Pozori\u0161ta slikao pored njihovih transparenata. Stekao se utisak da su te \u017eene \u017ertve nabildovanih organizatora koji su komandovali skupom. Ovaj skup nije bio prijavljen policiji kao ni mnogi predhodni, ali para\u0107inska policija u tome, kao i mnogo puta pre toga, nije videla problem. Nedavno su \u017eene iz Para\u0107ina protestvovale na istom mestu, ali su im visoki oficiri policije pretili zbog okupljanja i rasterivali ih sa tog mesta. Me\u0111u aktvistkinjama SNS nije bilo poverenice Vesne Petrovi\u0107, ali ni vi\u0111enijih naprednjakinja.<\/p>\n","protected":false},"excerpt":{"rendered":"<p>PARA\u0106IN- Danas je sve\u010dano obele\u017een Dan op\u0161tine Para\u0107in. Otvorena je saobra\u0107ajnica sa novim\u00a0 blokom parcela u Industrijskoj zoni, potpisani Sporazumi o pobratimstvu sa Pazinom u &hellip; <\/p>\n","protected":false},"author":2,"featured_media":20376,"comment_status":"open","ping_status":"open","sticky":false,"template":"","format":"standard","meta":{"footnotes":""},"categories":[1524,2,1516,13,887,12],"tags":[1256,673,1050,1973,3150],"_links":{"self":[{"href":"https:\/\/centralmedia.rs\/index.php\/wp-json\/wp\/v2\/posts\/20375"}],"collection":[{"href":"https:\/\/centralmedia.rs\/index.php\/wp-json\/wp\/v2\/posts"}],"about":[{"href":"https:\/\/centralmedia.rs\/index.php\/wp-json\/wp\/v2\/types\/post"}],"author":[{"embeddable":true,"href":"https:\/\/centralmedia.rs\/index.php\/wp-json\/wp\/v2\/users\/2"}],"replies":[{"embeddable":true,"href":"https:\/\/centralmedia.rs\/index.php\/wp-json\/wp\/v2\/comments?post=20375"}],"version-history":[{"count":3,"href":"https:\/\/centralmedia.rs\/index.php\/wp-json\/wp\/v2\/posts\/20375\/revisions"}],"predecessor-version":[{"id":20396,"href":"https:\/\/centralmedia.rs\/index.php\/wp-json\/wp\/v2\/posts\/20375\/revisions\/20396"}],"wp:featuredmedia":[{"embeddable":true,"href":"https:\/\/centralmedia.rs\/index.php\/wp-json\/wp\/v2\/media\/20376"}],"wp:attachment":[{"href":"https:\/\/centralmedia.rs\/index.php\/wp-json\/wp\/v2\/media?parent=20375"}],"wp:term":[{"taxonomy":"category","embeddable":true,"href":"https:\/\/centralmedia.rs\/index.php\/wp-json\/wp\/v2\/categories?post=20375"},{"taxonomy":"post_tag","embeddable":true,"href":"https:\/\/centralmedia.rs\/index.php\/wp-json\/wp\/v2\/tags?post=20375"}],"curies":[{"name":"wp","href":"https:\/\/api.w.org\/{rel}","templated":true}]}}