{"id":20397,"date":"2019-09-28T19:53:08","date_gmt":"2019-09-28T19:53:08","guid":{"rendered":"http:\/\/centralmedia.rs\/?p=20397"},"modified":"2019-10-10T16:12:00","modified_gmt":"2019-10-10T16:12:00","slug":"noc-istrazivaca-okupila-u-pomoravlju-osam-hiljada-skolaraca","status":"publish","type":"post","link":"https:\/\/centralmedia.rs\/index.php\/2019\/09\/28\/noc-istrazivaca-okupila-u-pomoravlju-osam-hiljada-skolaraca\/","title":{"rendered":"NO\u0106 ISTRA\u017dIVA\u010cA OKUPILA U POMORAVLJU OSAM HILJADA \u0160KOLARACA"},"content":{"rendered":"<p>Dvodnevnu manifestaciju No\u0107 istra\u017eiva\u010da u Jagodini, \u0106upriji, Svilajncu i Despotovcu posetilo je osam hiljada u\u010denika osnovnih \u0161kola, potvrdila je Vesna Todorovi\u0107 iz NOU tima. \u00a06. No\u0107 istra\u017eiva\u010da u organizaciji NOU tima odr\u017eana je u Jagodini u Gimnaziji,\u00a0 \u0106upriji u\u00a0 Moravskom parku i hali Ada i Svilajncu u Prirodnja\u010dkom centru, kao i u Despotovcu u Narodnoj bilioteci Resavska \u0161kola.<\/p>\n<div id='gallery-1' class='gallery galleryid-20397 gallery-columns-7 gallery-size-thumbnail'><figure class='gallery-item'>\n\t\t\t<div class='gallery-icon landscape'>\n\t\t\t\t<a href='https:\/\/centralmedia.rs\/index.php\/2019\/09\/28\/noc-istrazivaca-okupila-u-pomoravlju-osam-hiljada-skolaraca\/noc-2\/'><img loading=\"lazy\" decoding=\"async\" width=\"150\" height=\"150\" src=\"https:\/\/centralmedia.rs\/wp-content\/uploads\/2019\/09\/noc-150x150.jpg\" class=\"attachment-thumbnail size-thumbnail\" alt=\"\" \/><\/a>\n\t\t\t<\/div><\/figure><figure class='gallery-item'>\n\t\t\t<div class='gallery-icon landscape'>\n\t\t\t\t<a href='https:\/\/centralmedia.rs\/index.php\/2019\/09\/28\/noc-istrazivaca-okupila-u-pomoravlju-osam-hiljada-skolaraca\/noc1\/'><img loading=\"lazy\" decoding=\"async\" width=\"150\" height=\"150\" src=\"https:\/\/centralmedia.rs\/wp-content\/uploads\/2019\/09\/noc1-150x150.jpg\" class=\"attachment-thumbnail size-thumbnail\" alt=\"\" \/><\/a>\n\t\t\t<\/div><\/figure><figure class='gallery-item'>\n\t\t\t<div class='gallery-icon landscape'>\n\t\t\t\t<a href='https:\/\/centralmedia.rs\/index.php\/2019\/09\/28\/noc-istrazivaca-okupila-u-pomoravlju-osam-hiljada-skolaraca\/noc2\/'><img loading=\"lazy\" decoding=\"async\" width=\"150\" height=\"150\" src=\"https:\/\/centralmedia.rs\/wp-content\/uploads\/2019\/09\/noc2-150x150.jpg\" class=\"attachment-thumbnail size-thumbnail\" alt=\"\" \/><\/a>\n\t\t\t<\/div><\/figure><figure class='gallery-item'>\n\t\t\t<div class='gallery-icon landscape'>\n\t\t\t\t<a href='https:\/\/centralmedia.rs\/index.php\/2019\/09\/28\/noc-istrazivaca-okupila-u-pomoravlju-osam-hiljada-skolaraca\/noc3\/'><img loading=\"lazy\" decoding=\"async\" width=\"150\" height=\"150\" src=\"https:\/\/centralmedia.rs\/wp-content\/uploads\/2019\/09\/noc3-150x150.jpg\" class=\"attachment-thumbnail size-thumbnail\" alt=\"\" \/><\/a>\n\t\t\t<\/div><\/figure><figure class='gallery-item'>\n\t\t\t<div class='gallery-icon landscape'>\n\t\t\t\t<a href='https:\/\/centralmedia.rs\/index.php\/2019\/09\/28\/noc-istrazivaca-okupila-u-pomoravlju-osam-hiljada-skolaraca\/noc4\/'><img loading=\"lazy\" decoding=\"async\" width=\"150\" height=\"150\" src=\"https:\/\/centralmedia.rs\/wp-content\/uploads\/2019\/09\/noc4-150x150.jpg\" class=\"attachment-thumbnail size-thumbnail\" alt=\"\" \/><\/a>\n\t\t\t<\/div><\/figure><figure class='gallery-item'>\n\t\t\t<div class='gallery-icon portrait'>\n\t\t\t\t<a href='https:\/\/centralmedia.rs\/index.php\/2019\/09\/28\/noc-istrazivaca-okupila-u-pomoravlju-osam-hiljada-skolaraca\/noc5\/'><img loading=\"lazy\" decoding=\"async\" width=\"150\" height=\"150\" src=\"https:\/\/centralmedia.rs\/wp-content\/uploads\/2019\/09\/noc5-150x150.jpg\" class=\"attachment-thumbnail size-thumbnail\" alt=\"\" \/><\/a>\n\t\t\t<\/div><\/figure><figure class='gallery-item'>\n\t\t\t<div class='gallery-icon landscape'>\n\t\t\t\t<a href='https:\/\/centralmedia.rs\/index.php\/2019\/09\/28\/noc-istrazivaca-okupila-u-pomoravlju-osam-hiljada-skolaraca\/noc6\/'><img loading=\"lazy\" decoding=\"async\" width=\"150\" height=\"150\" src=\"https:\/\/centralmedia.rs\/wp-content\/uploads\/2019\/09\/noc6-150x150.jpg\" class=\"attachment-thumbnail size-thumbnail\" alt=\"\" \/><\/a>\n\t\t\t<\/div><\/figure>\n\t\t<\/div>\n\n<p>\u0160kolarci su imali priliku da istra\u017euju astronomske pojave, da primene nauku u svakodnevnom \u017eivotu, da sazanju o svakodnevnom \u017eivotu nau\u010dnika, putem skajpa razgovaraju sa olimpijcem i tako pove\u017eu nauku i sport, prisustvuju eksperimentima iz genetike, fizike i hemije koje je obavila \u00a0dr Sanja Milo\u0161evi\u0107 Govedarevi\u0107 iz Instituta za nuklearne nauke u Vin\u010di.<\/p>\n<div id='gallery-2' class='gallery galleryid-20397 gallery-columns-3 gallery-size-full'><figure class='gallery-item'>\n\t\t\t<div class='gallery-icon portrait'>\n\t\t\t\t<a href='https:\/\/centralmedia.rs\/index.php\/2019\/09\/28\/noc-istrazivaca-okupila-u-pomoravlju-osam-hiljada-skolaraca\/despotovac-6\/'><img loading=\"lazy\" decoding=\"async\" width=\"720\" height=\"960\" src=\"https:\/\/centralmedia.rs\/wp-content\/uploads\/2019\/09\/despotovac.jpg\" class=\"attachment-full size-full\" alt=\"\" srcset=\"https:\/\/centralmedia.rs\/wp-content\/uploads\/2019\/09\/despotovac.jpg 720w, https:\/\/centralmedia.rs\/wp-content\/uploads\/2019\/09\/despotovac-225x300.jpg 225w, https:\/\/centralmedia.rs\/wp-content\/uploads\/2019\/09\/despotovac-315x420.jpg 315w, https:\/\/centralmedia.rs\/wp-content\/uploads\/2019\/09\/despotovac-640x853.jpg 640w, https:\/\/centralmedia.rs\/wp-content\/uploads\/2019\/09\/despotovac-681x908.jpg 681w\" sizes=\"(max-width: 720px) 100vw, 720px\" \/><\/a>\n\t\t\t<\/div><\/figure><figure class='gallery-item'>\n\t\t\t<div class='gallery-icon portrait'>\n\t\t\t\t<a href='https:\/\/centralmedia.rs\/index.php\/2019\/09\/28\/noc-istrazivaca-okupila-u-pomoravlju-osam-hiljada-skolaraca\/despotovac1-2\/'><img loading=\"lazy\" decoding=\"async\" width=\"720\" height=\"960\" src=\"https:\/\/centralmedia.rs\/wp-content\/uploads\/2019\/09\/despotovac1.jpg\" class=\"attachment-full size-full\" alt=\"\" srcset=\"https:\/\/centralmedia.rs\/wp-content\/uploads\/2019\/09\/despotovac1.jpg 720w, https:\/\/centralmedia.rs\/wp-content\/uploads\/2019\/09\/despotovac1-225x300.jpg 225w, https:\/\/centralmedia.rs\/wp-content\/uploads\/2019\/09\/despotovac1-315x420.jpg 315w, https:\/\/centralmedia.rs\/wp-content\/uploads\/2019\/09\/despotovac1-640x853.jpg 640w, https:\/\/centralmedia.rs\/wp-content\/uploads\/2019\/09\/despotovac1-681x908.jpg 681w\" sizes=\"(max-width: 720px) 100vw, 720px\" \/><\/a>\n\t\t\t<\/div><\/figure><figure class='gallery-item'>\n\t\t\t<div class='gallery-icon portrait'>\n\t\t\t\t<a href='https:\/\/centralmedia.rs\/index.php\/2019\/09\/28\/noc-istrazivaca-okupila-u-pomoravlju-osam-hiljada-skolaraca\/despotovac2\/'><img loading=\"lazy\" decoding=\"async\" width=\"720\" height=\"960\" src=\"https:\/\/centralmedia.rs\/wp-content\/uploads\/2019\/09\/despotovac2.jpg\" class=\"attachment-full size-full\" alt=\"\" srcset=\"https:\/\/centralmedia.rs\/wp-content\/uploads\/2019\/09\/despotovac2.jpg 720w, https:\/\/centralmedia.rs\/wp-content\/uploads\/2019\/09\/despotovac2-225x300.jpg 225w, https:\/\/centralmedia.rs\/wp-content\/uploads\/2019\/09\/despotovac2-315x420.jpg 315w, https:\/\/centralmedia.rs\/wp-content\/uploads\/2019\/09\/despotovac2-640x853.jpg 640w, https:\/\/centralmedia.rs\/wp-content\/uploads\/2019\/09\/despotovac2-681x908.jpg 681w\" sizes=\"(max-width: 720px) 100vw, 720px\" \/><\/a>\n\t\t\t<\/div><\/figure>\n\t\t<\/div>\n\n","protected":false},"excerpt":{"rendered":"<p>Dvodnevnu manifestaciju No\u0107 istra\u017eiva\u010da u Jagodini, \u0106upriji, Svilajncu i Despotovcu posetilo je osam hiljada u\u010denika osnovnih \u0161kola, potvrdila je Vesna Todorovi\u0107 iz NOU tima. \u00a06. &hellip; <\/p>\n","protected":false},"author":2,"featured_media":20398,"comment_status":"open","ping_status":"open","sticky":false,"template":"","format":"standard","meta":{"footnotes":""},"categories":[1515,1518,1524,2,1514,23,887,1517,30],"tags":[44,51,58,4074,38],"_links":{"self":[{"href":"https:\/\/centralmedia.rs\/index.php\/wp-json\/wp\/v2\/posts\/20397"}],"collection":[{"href":"https:\/\/centralmedia.rs\/index.php\/wp-json\/wp\/v2\/posts"}],"about":[{"href":"https:\/\/centralmedia.rs\/index.php\/wp-json\/wp\/v2\/types\/post"}],"author":[{"embeddable":true,"href":"https:\/\/centralmedia.rs\/index.php\/wp-json\/wp\/v2\/users\/2"}],"replies":[{"embeddable":true,"href":"https:\/\/centralmedia.rs\/index.php\/wp-json\/wp\/v2\/comments?post=20397"}],"version-history":[{"count":2,"href":"https:\/\/centralmedia.rs\/index.php\/wp-json\/wp\/v2\/posts\/20397\/revisions"}],"predecessor-version":[{"id":20409,"href":"https:\/\/centralmedia.rs\/index.php\/wp-json\/wp\/v2\/posts\/20397\/revisions\/20409"}],"wp:featuredmedia":[{"embeddable":true,"href":"https:\/\/centralmedia.rs\/index.php\/wp-json\/wp\/v2\/media\/20398"}],"wp:attachment":[{"href":"https:\/\/centralmedia.rs\/index.php\/wp-json\/wp\/v2\/media?parent=20397"}],"wp:term":[{"taxonomy":"category","embeddable":true,"href":"https:\/\/centralmedia.rs\/index.php\/wp-json\/wp\/v2\/categories?post=20397"},{"taxonomy":"post_tag","embeddable":true,"href":"https:\/\/centralmedia.rs\/index.php\/wp-json\/wp\/v2\/tags?post=20397"}],"curies":[{"name":"wp","href":"https:\/\/api.w.org\/{rel}","templated":true}]}}