{"id":20430,"date":"2019-09-30T13:08:21","date_gmt":"2019-09-30T13:08:21","guid":{"rendered":"http:\/\/centralmedia.rs\/?p=20430"},"modified":"2019-10-10T16:10:55","modified_gmt":"2019-10-10T16:10:55","slug":"zajedno-za-bebe-savremena-oprema-za-cuprijsko-porodiliste","status":"publish","type":"post","link":"https:\/\/centralmedia.rs\/index.php\/2019\/09\/30\/zajedno-za-bebe-savremena-oprema-za-cuprijsko-porodiliste\/","title":{"rendered":"ZAJEDNO ZA BEBE -SAVREMENA OPREMA ZA \u0106UPRIJSKO PORODILI\u0160TE"},"content":{"rendered":"<p>\u0106UPRIJA- Porodili\u0161tu Op\u0161te bolnice u \u0106upriji, u akciji opremanja porodili\u0161ta u Srbiji \u201eZajedno za bebe\u201c Komercijalne banke i Fonda B92, danas je uru\u010dena oprema vredna blizu 2,1 milion dinara. \u00a0Re\u010d je o najsavremenijem stolu za poro\u0111aje i nekoliko novih aparata za neonatologiju. Sve\u010danom uru\u010denju opremu, prisustovao je i ministar za rad, zapo\u0161ljavanje, bora\u010dka i socijalna pitanja Zoran \u0110or\u0111evi\u0107, koji je istakao da je cilj Vlade Srbije i Ministarstva zdravlja najvi\u0161i nivo opremeljenosti zdravstvenih ustanova i njihova spremnost za pru\u017eanje najzahtevnijih zdravstvenih usluga.<\/p>\n<p>&#8211;\u00a0Ono \u0161to Vlada Srbije i Ministarstvo zdravlja rade je da mi \u017eelimo, prvenstevno,\u00a0da sve na\u0161e bolnice, po\u010dev od\u00a0 op\u0161te prakse pa\u00a0do ginekologije budu na najvi\u0161em mogu\u0107em nivou opremljene, savremene, koje \u0107e pru\u017eati potpunu medicinsku pomo\u0107\u00a0 onima kojima je to potrebno. Nastavi\u0107emo, kao Vlada sa takvim trendom i ubudu\u0107e. Ono \u0161to je bitno to je da mi ne\u0107emo stati ovde. Vide\u0107ete, Komercijalna banka \u0107e nastaviti da donira i ve\u0107 u narednom periodu \u0107ete videti da \u0107e jo\u0161 neki gradovi\u00a0 \u0161irom na\u0161e Srbije biti opremljeni sa ovakvim inkubatorima, rekao je \u0110or\u0111evi\u0107.<\/p>\n<p>Sli\u010dnim aparatima u vrednosti od preko 50 miliona\u00a0dinara, do sada je opremljeno 41 porodili\u0161te u Srbiji i, kako je re\u010deno, akcija \u0107e biti nastavljena u saradnji sa Ministarstvom zdravlja.<\/p>\n","protected":false},"excerpt":{"rendered":"<p>\u0106UPRIJA- Porodili\u0161tu Op\u0161te bolnice u \u0106upriji, u akciji opremanja porodili\u0161ta u Srbiji \u201eZajedno za bebe\u201c Komercijalne banke i Fonda B92, danas je uru\u010dena oprema vredna &hellip; <\/p>\n","protected":false},"author":2,"featured_media":13977,"comment_status":"open","ping_status":"open","sticky":false,"template":"","format":"standard","meta":{"footnotes":""},"categories":[1515,28,1524,2,887,12],"tags":[2262,44,328,4082,445,4083],"_links":{"self":[{"href":"https:\/\/centralmedia.rs\/index.php\/wp-json\/wp\/v2\/posts\/20430"}],"collection":[{"href":"https:\/\/centralmedia.rs\/index.php\/wp-json\/wp\/v2\/posts"}],"about":[{"href":"https:\/\/centralmedia.rs\/index.php\/wp-json\/wp\/v2\/types\/post"}],"author":[{"embeddable":true,"href":"https:\/\/centralmedia.rs\/index.php\/wp-json\/wp\/v2\/users\/2"}],"replies":[{"embeddable":true,"href":"https:\/\/centralmedia.rs\/index.php\/wp-json\/wp\/v2\/comments?post=20430"}],"version-history":[{"count":1,"href":"https:\/\/centralmedia.rs\/index.php\/wp-json\/wp\/v2\/posts\/20430\/revisions"}],"predecessor-version":[{"id":20431,"href":"https:\/\/centralmedia.rs\/index.php\/wp-json\/wp\/v2\/posts\/20430\/revisions\/20431"}],"wp:featuredmedia":[{"embeddable":true,"href":"https:\/\/centralmedia.rs\/index.php\/wp-json\/wp\/v2\/media\/13977"}],"wp:attachment":[{"href":"https:\/\/centralmedia.rs\/index.php\/wp-json\/wp\/v2\/media?parent=20430"}],"wp:term":[{"taxonomy":"category","embeddable":true,"href":"https:\/\/centralmedia.rs\/index.php\/wp-json\/wp\/v2\/categories?post=20430"},{"taxonomy":"post_tag","embeddable":true,"href":"https:\/\/centralmedia.rs\/index.php\/wp-json\/wp\/v2\/tags?post=20430"}],"curies":[{"name":"wp","href":"https:\/\/api.w.org\/{rel}","templated":true}]}}