{"id":20449,"date":"2019-10-01T16:19:19","date_gmt":"2019-10-01T16:19:19","guid":{"rendered":"http:\/\/centralmedia.rs\/?p=20449"},"modified":"2019-10-10T16:10:46","modified_gmt":"2019-10-10T16:10:46","slug":"14-mini-tini-fest-u-paracinu","status":"publish","type":"post","link":"https:\/\/centralmedia.rs\/index.php\/2019\/10\/01\/14-mini-tini-fest-u-paracinu\/","title":{"rendered":"14. MINI-TINI FEST U PARA\u0106INU"},"content":{"rendered":"<p>PARA\u0106IN- 14. Mini-tini fest u Para\u0107inu u sportskoj hali u petak od 18 sati. Festival de\u010dijih pesama, kompozitor Jovan Adamov, koji je predsednik \u017eirija, izvr\u0161io je selekciju u \u0161kolama, deca \u0107e nastupiti u dve starosne kategorije mini i tini, voditelj je \u00a0Minja Subota.<\/p>\n","protected":false},"excerpt":{"rendered":"<p>PARA\u0106IN- 14. Mini-tini fest u Para\u0107inu u sportskoj hali u petak od 18 sati. Festival de\u010dijih pesama, kompozitor Jovan Adamov, koji je predsednik \u017eirija, izvr\u0161io &hellip; <\/p>\n","protected":false},"author":2,"featured_media":14234,"comment_status":"open","ping_status":"open","sticky":false,"template":"","format":"standard","meta":{"footnotes":""},"categories":[1515,1524,2,23,887,30],"tags":[3171,4088,156],"_links":{"self":[{"href":"https:\/\/centralmedia.rs\/index.php\/wp-json\/wp\/v2\/posts\/20449"}],"collection":[{"href":"https:\/\/centralmedia.rs\/index.php\/wp-json\/wp\/v2\/posts"}],"about":[{"href":"https:\/\/centralmedia.rs\/index.php\/wp-json\/wp\/v2\/types\/post"}],"author":[{"embeddable":true,"href":"https:\/\/centralmedia.rs\/index.php\/wp-json\/wp\/v2\/users\/2"}],"replies":[{"embeddable":true,"href":"https:\/\/centralmedia.rs\/index.php\/wp-json\/wp\/v2\/comments?post=20449"}],"version-history":[{"count":1,"href":"https:\/\/centralmedia.rs\/index.php\/wp-json\/wp\/v2\/posts\/20449\/revisions"}],"predecessor-version":[{"id":20450,"href":"https:\/\/centralmedia.rs\/index.php\/wp-json\/wp\/v2\/posts\/20449\/revisions\/20450"}],"wp:featuredmedia":[{"embeddable":true,"href":"https:\/\/centralmedia.rs\/index.php\/wp-json\/wp\/v2\/media\/14234"}],"wp:attachment":[{"href":"https:\/\/centralmedia.rs\/index.php\/wp-json\/wp\/v2\/media?parent=20449"}],"wp:term":[{"taxonomy":"category","embeddable":true,"href":"https:\/\/centralmedia.rs\/index.php\/wp-json\/wp\/v2\/categories?post=20449"},{"taxonomy":"post_tag","embeddable":true,"href":"https:\/\/centralmedia.rs\/index.php\/wp-json\/wp\/v2\/tags?post=20449"}],"curies":[{"name":"wp","href":"https:\/\/api.w.org\/{rel}","templated":true}]}}