{"id":20468,"date":"2019-10-02T12:50:33","date_gmt":"2019-10-02T12:50:33","guid":{"rendered":"http:\/\/centralmedia.rs\/?p=20468"},"modified":"2019-10-07T16:20:14","modified_gmt":"2019-10-07T16:20:14","slug":"iguman-hilandara-i-ove-godine-urucio-stipendiju-bogdanu-ivanovicu","status":"publish","type":"post","link":"https:\/\/centralmedia.rs\/index.php\/2019\/10\/02\/iguman-hilandara-i-ove-godine-urucio-stipendiju-bogdanu-ivanovicu\/","title":{"rendered":"IGUMAN HILANDARA I OVE GODINE URU\u010cIO STIPENDIJU BOGDANU IVANOVI\u0106U"},"content":{"rendered":"<p>BEOGRAD- Iguman manastiara Hilandar visokoprepodobni arhimadrit Metodije i ove godine uru\u010dio je godi\u0161nju stipendiju toga manastira Bogdanu, sinu pokojnog Olivera Ivanovi\u0107a. Iguman se danas susreo sa Bogdanom i njegovom majkom Milenom, te interesovao o svemu \u0161to je vezano za porodicu. Bogdan \u0107e do punoletstva biti korisnik stipendije manastira Hilandar. Prvi put stipendija je uru\u010dena pro\u0161le godine. Iguman Hilandara je izrazi \u017eelju da se sretne sa Bogdanom i na taj na\u010din poka\u017ee porodici pokojnog Olivera Ivanovi\u0107a da je manastir uz njih i da Bogdan ima prijatelje i duhovne o\u010deve. U planu je da Bogdan uskoro poseti manastir i bratstvo. Bogdan i Milena su se zahvalili igumanu Metodiju i manastiru Hilandar na pru\u017eenoj ljubavi, kao i povereniku manastira Milo\u0161u Stojkovi\u0107u koji je inicirao ovu akciju.<\/p>\n<div id='gallery-1' class='gallery galleryid-20468 gallery-columns-9 gallery-size-thumbnail'><figure class='gallery-item'>\n\t\t\t<div class='gallery-icon landscape'>\n\t\t\t\t<a href='https:\/\/centralmedia.rs\/index.php\/2019\/10\/02\/iguman-hilandara-i-ove-godine-urucio-stipendiju-bogdanu-ivanovicu\/bogadan-i-iguman2\/'><img loading=\"lazy\" decoding=\"async\" width=\"150\" height=\"150\" src=\"https:\/\/centralmedia.rs\/wp-content\/uploads\/2019\/10\/bogadan-i-iguman2-150x150.jpg\" class=\"attachment-thumbnail size-thumbnail\" alt=\"\" \/><\/a>\n\t\t\t<\/div><\/figure><figure class='gallery-item'>\n\t\t\t<div class='gallery-icon portrait'>\n\t\t\t\t<a href='https:\/\/centralmedia.rs\/index.php\/2019\/10\/02\/iguman-hilandara-i-ove-godine-urucio-stipendiju-bogdanu-ivanovicu\/bogadan-i-iguman3\/'><img loading=\"lazy\" decoding=\"async\" width=\"150\" height=\"150\" src=\"https:\/\/centralmedia.rs\/wp-content\/uploads\/2019\/10\/bogadan-i-iguman3-150x150.jpg\" class=\"attachment-thumbnail size-thumbnail\" alt=\"\" \/><\/a>\n\t\t\t<\/div><\/figure><figure class='gallery-item'>\n\t\t\t<div class='gallery-icon portrait'>\n\t\t\t\t<a href='https:\/\/centralmedia.rs\/index.php\/2019\/10\/02\/iguman-hilandara-i-ove-godine-urucio-stipendiju-bogdanu-ivanovicu\/bogadan-i-iguman4\/'><img loading=\"lazy\" decoding=\"async\" width=\"150\" height=\"150\" src=\"https:\/\/centralmedia.rs\/wp-content\/uploads\/2019\/10\/bogadan-i-iguman4-150x150.jpg\" class=\"attachment-thumbnail size-thumbnail\" alt=\"\" \/><\/a>\n\t\t\t<\/div><\/figure><figure class='gallery-item'>\n\t\t\t<div class='gallery-icon portrait'>\n\t\t\t\t<a href='https:\/\/centralmedia.rs\/index.php\/2019\/10\/02\/iguman-hilandara-i-ove-godine-urucio-stipendiju-bogdanu-ivanovicu\/bogadan-i-iguman5\/'><img loading=\"lazy\" decoding=\"async\" width=\"150\" height=\"150\" src=\"https:\/\/centralmedia.rs\/wp-content\/uploads\/2019\/10\/bogadan-i-iguman5-150x150.jpg\" class=\"attachment-thumbnail size-thumbnail\" alt=\"\" \/><\/a>\n\t\t\t<\/div><\/figure><figure class='gallery-item'>\n\t\t\t<div class='gallery-icon portrait'>\n\t\t\t\t<a href='https:\/\/centralmedia.rs\/index.php\/2019\/10\/02\/iguman-hilandara-i-ove-godine-urucio-stipendiju-bogdanu-ivanovicu\/bogadan-i-iguman6\/'><img loading=\"lazy\" decoding=\"async\" width=\"150\" height=\"150\" src=\"https:\/\/centralmedia.rs\/wp-content\/uploads\/2019\/10\/bogadan-i-iguman6-150x150.jpg\" class=\"attachment-thumbnail size-thumbnail\" alt=\"\" \/><\/a>\n\t\t\t<\/div><\/figure><figure class='gallery-item'>\n\t\t\t<div class='gallery-icon portrait'>\n\t\t\t\t<a href='https:\/\/centralmedia.rs\/index.php\/2019\/10\/02\/iguman-hilandara-i-ove-godine-urucio-stipendiju-bogdanu-ivanovicu\/bogadan-i-iguman7\/'><img loading=\"lazy\" decoding=\"async\" width=\"150\" height=\"150\" src=\"https:\/\/centralmedia.rs\/wp-content\/uploads\/2019\/10\/bogadan-i-iguman7-150x150.jpg\" class=\"attachment-thumbnail size-thumbnail\" alt=\"\" \/><\/a>\n\t\t\t<\/div><\/figure><figure class='gallery-item'>\n\t\t\t<div class='gallery-icon landscape'>\n\t\t\t\t<a href='https:\/\/centralmedia.rs\/index.php\/2019\/10\/02\/iguman-hilandara-i-ove-godine-urucio-stipendiju-bogdanu-ivanovicu\/bogadan-i-iguman8\/'><img loading=\"lazy\" decoding=\"async\" width=\"150\" height=\"150\" src=\"https:\/\/centralmedia.rs\/wp-content\/uploads\/2019\/10\/bogadan-i-iguman8-150x150.jpg\" class=\"attachment-thumbnail size-thumbnail\" alt=\"\" \/><\/a>\n\t\t\t<\/div><\/figure><figure class='gallery-item'>\n\t\t\t<div class='gallery-icon portrait'>\n\t\t\t\t<a href='https:\/\/centralmedia.rs\/index.php\/2019\/10\/02\/iguman-hilandara-i-ove-godine-urucio-stipendiju-bogdanu-ivanovicu\/bogadan-i-iguman9\/'><img loading=\"lazy\" decoding=\"async\" width=\"150\" height=\"150\" src=\"https:\/\/centralmedia.rs\/wp-content\/uploads\/2019\/10\/bogadan-i-iguman9-150x150.jpg\" class=\"attachment-thumbnail size-thumbnail\" alt=\"\" \/><\/a>\n\t\t\t<\/div><\/figure><figure class='gallery-item'>\n\t\t\t<div class='gallery-icon portrait'>\n\t\t\t\t<a href='https:\/\/centralmedia.rs\/index.php\/2019\/10\/02\/iguman-hilandara-i-ove-godine-urucio-stipendiju-bogdanu-ivanovicu\/bogadan-i-iguman10\/'><img loading=\"lazy\" decoding=\"async\" width=\"150\" height=\"150\" src=\"https:\/\/centralmedia.rs\/wp-content\/uploads\/2019\/10\/bogadan-i-iguman10-150x150.jpg\" class=\"attachment-thumbnail size-thumbnail\" alt=\"\" \/><\/a>\n\t\t\t<\/div><\/figure>\n\t\t<\/div>\n\n","protected":false},"excerpt":{"rendered":"<p>BEOGRAD- Iguman manastiara Hilandar visokoprepodobni arhimadrit Metodije i ove godine uru\u010dio je godi\u0161nju stipendiju toga manastira Bogdanu, sinu pokojnog Olivera Ivanovi\u0107a. Iguman se danas susreo &hellip; <\/p>\n","protected":false},"author":2,"featured_media":20480,"comment_status":"open","ping_status":"open","sticky":false,"template":"","format":"standard","meta":{"footnotes":""},"categories":[33,2,23],"tags":[4089,3134,3355,4090,546],"_links":{"self":[{"href":"https:\/\/centralmedia.rs\/index.php\/wp-json\/wp\/v2\/posts\/20468"}],"collection":[{"href":"https:\/\/centralmedia.rs\/index.php\/wp-json\/wp\/v2\/posts"}],"about":[{"href":"https:\/\/centralmedia.rs\/index.php\/wp-json\/wp\/v2\/types\/post"}],"author":[{"embeddable":true,"href":"https:\/\/centralmedia.rs\/index.php\/wp-json\/wp\/v2\/users\/2"}],"replies":[{"embeddable":true,"href":"https:\/\/centralmedia.rs\/index.php\/wp-json\/wp\/v2\/comments?post=20468"}],"version-history":[{"count":1,"href":"https:\/\/centralmedia.rs\/index.php\/wp-json\/wp\/v2\/posts\/20468\/revisions"}],"predecessor-version":[{"id":20479,"href":"https:\/\/centralmedia.rs\/index.php\/wp-json\/wp\/v2\/posts\/20468\/revisions\/20479"}],"wp:featuredmedia":[{"embeddable":true,"href":"https:\/\/centralmedia.rs\/index.php\/wp-json\/wp\/v2\/media\/20480"}],"wp:attachment":[{"href":"https:\/\/centralmedia.rs\/index.php\/wp-json\/wp\/v2\/media?parent=20468"}],"wp:term":[{"taxonomy":"category","embeddable":true,"href":"https:\/\/centralmedia.rs\/index.php\/wp-json\/wp\/v2\/categories?post=20468"},{"taxonomy":"post_tag","embeddable":true,"href":"https:\/\/centralmedia.rs\/index.php\/wp-json\/wp\/v2\/tags?post=20468"}],"curies":[{"name":"wp","href":"https:\/\/api.w.org\/{rel}","templated":true}]}}