{"id":20482,"date":"2019-10-03T11:54:01","date_gmt":"2019-10-03T11:54:01","guid":{"rendered":"http:\/\/centralmedia.rs\/?p=20482"},"modified":"2019-10-07T16:24:17","modified_gmt":"2019-10-07T16:24:17","slug":"diplomate-iz-drzava-eu-posetile-su-danas-svilajnac-predstavljen-projekat-ekoloskih-parkova","status":"publish","type":"post","link":"https:\/\/centralmedia.rs\/index.php\/2019\/10\/03\/diplomate-iz-drzava-eu-posetile-su-danas-svilajnac-predstavljen-projekat-ekoloskih-parkova\/","title":{"rendered":"DIPLOMATE IZ DR\u017dAVA EU POSETILE SU DANAS SVILAJNAC &#8211; PREDSTAVLJEN PROJEKAT EKOLO\u0160KIH PARKOVA"},"content":{"rendered":"<p>SVILAJNAC- Delegacija zamenika ambasadora evropskih zemalja koju je predvodila Mateja Nor\u010di\u0107 \u0160tracmar, zamenica ambasadora Evropske unije, danas je posetila Svilajnac, njima je predstavljeno idejno re\u0161enje novog projekta Evropski ekolo\u0161ki parkovi Svilajnca koji bi trebalo da se prostire na 13 hektara. Dr\u017eave EU su na ovaj na\u010din pozvane da uklju\u010de u realizaciju tog projektaU diplomatskoj poseti su bili predstavnici ambasada Belgije, Bugarske, Hrvatske, Danske, Finske, Nema\u010dke, Gr\u010dke, Italije, Holandije, Poljske, Portugala, Rumunije, Slova\u010dke, Slovenije i \u0160panije. Gosti Svilajnca bili su i Ana Stankovi\u0107, projekt menad\u017eer EU Delegacije u Srbiji, Sla\u0111ana Pavlovi\u0107, asistent zamenika EU delegacije u Srbiji i predstavnici \u00a0programa EU PRO.<\/p>\n<div id='gallery-1' class='gallery galleryid-20482 gallery-columns-5 gallery-size-thumbnail'><figure class='gallery-item'>\n\t\t\t<div class='gallery-icon landscape'>\n\t\t\t\t<a href='https:\/\/centralmedia.rs\/index.php\/2019\/10\/03\/diplomate-iz-drzava-eu-posetile-su-danas-svilajnac-predstavljen-projekat-ekoloskih-parkova\/diplomate\/'><img loading=\"lazy\" decoding=\"async\" width=\"150\" height=\"150\" src=\"https:\/\/centralmedia.rs\/wp-content\/uploads\/2019\/10\/diplomate-150x150.jpg\" class=\"attachment-thumbnail size-thumbnail\" alt=\"\" \/><\/a>\n\t\t\t<\/div><\/figure><figure class='gallery-item'>\n\t\t\t<div class='gallery-icon landscape'>\n\t\t\t\t<a href='https:\/\/centralmedia.rs\/index.php\/2019\/10\/03\/diplomate-iz-drzava-eu-posetile-su-danas-svilajnac-predstavljen-projekat-ekoloskih-parkova\/diplomate3\/'><img loading=\"lazy\" decoding=\"async\" width=\"150\" height=\"150\" src=\"https:\/\/centralmedia.rs\/wp-content\/uploads\/2019\/10\/diplomate3-150x150.jpg\" class=\"attachment-thumbnail size-thumbnail\" alt=\"\" \/><\/a>\n\t\t\t<\/div><\/figure><figure class='gallery-item'>\n\t\t\t<div class='gallery-icon landscape'>\n\t\t\t\t<a href='https:\/\/centralmedia.rs\/index.php\/2019\/10\/03\/diplomate-iz-drzava-eu-posetile-su-danas-svilajnac-predstavljen-projekat-ekoloskih-parkova\/diplomate4\/'><img loading=\"lazy\" decoding=\"async\" width=\"150\" height=\"150\" src=\"https:\/\/centralmedia.rs\/wp-content\/uploads\/2019\/10\/diplomate4-150x150.jpg\" class=\"attachment-thumbnail size-thumbnail\" alt=\"\" \/><\/a>\n\t\t\t<\/div><\/figure><figure class='gallery-item'>\n\t\t\t<div class='gallery-icon landscape'>\n\t\t\t\t<a href='https:\/\/centralmedia.rs\/index.php\/2019\/10\/03\/diplomate-iz-drzava-eu-posetile-su-danas-svilajnac-predstavljen-projekat-ekoloskih-parkova\/diplomate5\/'><img loading=\"lazy\" decoding=\"async\" width=\"150\" height=\"150\" src=\"https:\/\/centralmedia.rs\/wp-content\/uploads\/2019\/10\/diplomate5-150x150.jpg\" class=\"attachment-thumbnail size-thumbnail\" alt=\"\" \/><\/a>\n\t\t\t<\/div><\/figure><figure class='gallery-item'>\n\t\t\t<div class='gallery-icon landscape'>\n\t\t\t\t<a href='https:\/\/centralmedia.rs\/index.php\/2019\/10\/03\/diplomate-iz-drzava-eu-posetile-su-danas-svilajnac-predstavljen-projekat-ekoloskih-parkova\/diplomate2\/'><img loading=\"lazy\" decoding=\"async\" width=\"150\" height=\"150\" src=\"https:\/\/centralmedia.rs\/wp-content\/uploads\/2019\/10\/diplomate2-150x150.jpg\" class=\"attachment-thumbnail size-thumbnail\" alt=\"\" \/><\/a>\n\t\t\t<\/div><\/figure>\n\t\t<\/div>\n\n<p>-Jako mi je drago da sam sa kolegama, zamenicima ambasadora iz dr\u017eava \u010dlanica EU, danas u Svilajncu. Srbija je na putu u EU i do\u0161li smo sa kolegama da vidimo kako se taj put sprovodi u praksi. Ne treba zaboraviti da se 2\/3 evropskog bud\u017eeta i pravnog poretka implementira na lokalnom nivou, tako\u0111e vi\u0161e od 60 odsto svih sredstava koje EU namenjuje Srbiji se implementira na lokalu. Svilajnac je lep i uspe\u0161an primer, kako jedan grad implementira sredstva koja EU nudi. Re\u010d je o projektima edukacije, infrastrukture, kulture, industrijalizacije&#8230; Drago mi je da smo u gradu, koji je EU pomogla 2014. godine posle poplava. Pokazali smo solidarnost, tako\u0111e i kroz program za prevenciju poplava gde EU daje novac, a dr\u017eava \u010dlanica, u ovom slu\u010daju Austrija, implementira. EU je va\u0161 najve\u0107i donator i najve\u0107a pomo\u0107 na putu ka EU. Godi\u0161nje Srbija dobije od EU 200 miliona evra pomo\u0107i, Svilajnac je dobio deo tih sredstava. Mi smo uvek tu i bi\u0107emo uz vas na putu ka EU, kazala je Mateja Nor\u010di\u0107 \u0160tracmar.<\/p>\n<div id='gallery-2' class='gallery galleryid-20482 gallery-columns-5 gallery-size-thumbnail'><figure class='gallery-item'>\n\t\t\t<div class='gallery-icon landscape'>\n\t\t\t\t<a href='https:\/\/centralmedia.rs\/index.php\/2019\/10\/03\/diplomate-iz-drzava-eu-posetile-su-danas-svilajnac-predstavljen-projekat-ekoloskih-parkova\/diplomate6\/'><img loading=\"lazy\" decoding=\"async\" width=\"150\" height=\"150\" src=\"https:\/\/centralmedia.rs\/wp-content\/uploads\/2019\/10\/diplomate6-150x150.jpg\" class=\"attachment-thumbnail size-thumbnail\" alt=\"\" \/><\/a>\n\t\t\t<\/div><\/figure><figure class='gallery-item'>\n\t\t\t<div class='gallery-icon landscape'>\n\t\t\t\t<a href='https:\/\/centralmedia.rs\/index.php\/2019\/10\/03\/diplomate-iz-drzava-eu-posetile-su-danas-svilajnac-predstavljen-projekat-ekoloskih-parkova\/diplomate7\/'><img loading=\"lazy\" decoding=\"async\" width=\"150\" height=\"150\" src=\"https:\/\/centralmedia.rs\/wp-content\/uploads\/2019\/10\/diplomate7-150x150.jpg\" class=\"attachment-thumbnail size-thumbnail\" alt=\"\" \/><\/a>\n\t\t\t<\/div><\/figure><figure class='gallery-item'>\n\t\t\t<div class='gallery-icon landscape'>\n\t\t\t\t<a href='https:\/\/centralmedia.rs\/index.php\/2019\/10\/03\/diplomate-iz-drzava-eu-posetile-su-danas-svilajnac-predstavljen-projekat-ekoloskih-parkova\/diplomate8\/'><img loading=\"lazy\" decoding=\"async\" width=\"150\" height=\"150\" src=\"https:\/\/centralmedia.rs\/wp-content\/uploads\/2019\/10\/diplomate8-150x150.jpg\" class=\"attachment-thumbnail size-thumbnail\" alt=\"\" \/><\/a>\n\t\t\t<\/div><\/figure><figure class='gallery-item'>\n\t\t\t<div class='gallery-icon landscape'>\n\t\t\t\t<a href='https:\/\/centralmedia.rs\/index.php\/2019\/10\/03\/diplomate-iz-drzava-eu-posetile-su-danas-svilajnac-predstavljen-projekat-ekoloskih-parkova\/diplomate9\/'><img loading=\"lazy\" decoding=\"async\" width=\"150\" height=\"150\" src=\"https:\/\/centralmedia.rs\/wp-content\/uploads\/2019\/10\/diplomate9-150x150.jpg\" class=\"attachment-thumbnail size-thumbnail\" alt=\"\" \/><\/a>\n\t\t\t<\/div><\/figure><figure class='gallery-item'>\n\t\t\t<div class='gallery-icon landscape'>\n\t\t\t\t<a href='https:\/\/centralmedia.rs\/index.php\/2019\/10\/03\/diplomate-iz-drzava-eu-posetile-su-danas-svilajnac-predstavljen-projekat-ekoloskih-parkova\/diplomate10\/'><img loading=\"lazy\" decoding=\"async\" width=\"150\" height=\"150\" src=\"https:\/\/centralmedia.rs\/wp-content\/uploads\/2019\/10\/diplomate10-150x150.jpg\" class=\"attachment-thumbnail size-thumbnail\" alt=\"\" \/><\/a>\n\t\t\t<\/div><\/figure>\n\t\t<\/div>\n\n<p>Prilikom velike poplave 2014. godine \u010dak 95 odsto grada je bilo ugro\u017eeno i EU je bila jedini ozbiljan donator sa 4,5 miliona evra kroz razli\u010dite programe. U toku su radovi na prevenitvim merema odbrane od poplava na Resavi.<\/p>\n<p>&#8211; Zahvalio bih se gospo\u0111i Mateji, koja je u ime Delegacije EU, pozvala sve kolege iz ambasada EU. Op\u0161tina Svilajnac posle poplava 2014. godine te\u0161ko bi se oporavila da nije bilo pomo\u0107i dr\u017eava EU. Taj lo\u0161 trenutak za nas je i bio dobar, jer je po\u010dela dobra saradnja izme\u0111u op\u0161tine Svilajnac i EU. Bili smo potpuno spremni da apliciramo za sve programe EU, diplomate su videle realizovane projekte. Ovo je dobar primer, kako mala lokalna samouprava u Srbiji mo\u017ee da bude partner EU i u\u010destvuje na gotovo svim projektima. Ovde se ne pokazuje samo solidarnost na delu, mi smo spremni da budemo partneri. Svlajnac je dobar primer ostalim op\u0161tinama u Srbiji kako mogu da do\u017eive EU na delu. EU nije san i cilj, mi je do\u017eivljavamo kao svakodnevicu, \u017eivimo i di\u0161emo evropski vazduh. \u017delimo svim lokalnim samoupravama da krenu na\u0161im putem, jer zajedno mo\u017eemo da do\u0111emo do cilja i uredimo na\u0161e op\u0161tine i sredinu, kao i da budemo punopravni deo Evopske unije. Ne te\u017eimo evropskom novcu, ve\u0107 standardu u radu i \u017evotu, mislim da smo na dobrom putu da to postignemo, istakao je Predrag Milanovi\u0107, predsednik te op\u0161tine.<\/p>\n<p>Diplomatama je u Prirodnja\u010dkom centru Srbije je prezentovana ideja o izgradnji jedinstvenih u Srbiji-Evropskih ekolo\u0161kih parkova Svilajnca (EEPS) koji prestavljaju\u00a0 jo\u0161 jedno mesto susreta obrazovanja, nauke, umetnosti i kulture. Nova turisti\u010dka destinacija \u010dija je misija \u0161irenje svesti o vrednosti prirodnog nasle\u0111a, njegovoj za\u0161titi i o\u010duvanju uskla\u0111ena je sa konceptom Prirodnja\u010dkog centra Srbije u Svilajncu. Kroz 30 tematskih parkova bi\u0107e primenjeni razli\u010diti stilovi pejza\u017ene arhitekture pra\u0107eni izborom adekvatne vegetacije i zanimljivog mobilijara. EEPS \u0107e primeniti sve standarde Evropske mre\u017ee parkova \u010dime \u0107e nova svilajna\u010dka nau\u010dna atrakcija postati deo EGHN (European Garden Heritage Network). Predvi\u0111eno je da projekat traje tri godine i da bude realizoan u za\u0161ti\u0107enoj zoni vodovoda<\/p>\n<p>&nbsp;<\/p>\n","protected":false},"excerpt":{"rendered":"<p>SVILAJNAC- Delegacija zamenika ambasadora evropskih zemalja koju je predvodila Mateja Nor\u010di\u0107 \u0160tracmar, zamenica ambasadora Evropske unije, danas je posetila Svilajnac, njima je predstavljeno idejno re\u0161enje &hellip; <\/p>\n","protected":false},"author":2,"featured_media":20483,"comment_status":"open","ping_status":"open","sticky":false,"template":"","format":"standard","meta":{"footnotes":""},"categories":[1524,2,13,887,12,1517],"tags":[4092,4091,38],"_links":{"self":[{"href":"https:\/\/centralmedia.rs\/index.php\/wp-json\/wp\/v2\/posts\/20482"}],"collection":[{"href":"https:\/\/centralmedia.rs\/index.php\/wp-json\/wp\/v2\/posts"}],"about":[{"href":"https:\/\/centralmedia.rs\/index.php\/wp-json\/wp\/v2\/types\/post"}],"author":[{"embeddable":true,"href":"https:\/\/centralmedia.rs\/index.php\/wp-json\/wp\/v2\/users\/2"}],"replies":[{"embeddable":true,"href":"https:\/\/centralmedia.rs\/index.php\/wp-json\/wp\/v2\/comments?post=20482"}],"version-history":[{"count":1,"href":"https:\/\/centralmedia.rs\/index.php\/wp-json\/wp\/v2\/posts\/20482\/revisions"}],"predecessor-version":[{"id":20494,"href":"https:\/\/centralmedia.rs\/index.php\/wp-json\/wp\/v2\/posts\/20482\/revisions\/20494"}],"wp:featuredmedia":[{"embeddable":true,"href":"https:\/\/centralmedia.rs\/index.php\/wp-json\/wp\/v2\/media\/20483"}],"wp:attachment":[{"href":"https:\/\/centralmedia.rs\/index.php\/wp-json\/wp\/v2\/media?parent=20482"}],"wp:term":[{"taxonomy":"category","embeddable":true,"href":"https:\/\/centralmedia.rs\/index.php\/wp-json\/wp\/v2\/categories?post=20482"},{"taxonomy":"post_tag","embeddable":true,"href":"https:\/\/centralmedia.rs\/index.php\/wp-json\/wp\/v2\/tags?post=20482"}],"curies":[{"name":"wp","href":"https:\/\/api.w.org\/{rel}","templated":true}]}}