{"id":20519,"date":"2019-10-04T05:34:45","date_gmt":"2019-10-04T05:34:45","guid":{"rendered":"http:\/\/centralmedia.rs\/?p=20519"},"modified":"2019-10-07T16:24:47","modified_gmt":"2019-10-07T16:24:47","slug":"koalicija-raseljenih-glas-za-srspku-listu-je-glas-za-drzavu-srbiju","status":"publish","type":"post","link":"https:\/\/centralmedia.rs\/index.php\/2019\/10\/04\/koalicija-raseljenih-glas-za-srspku-listu-je-glas-za-drzavu-srbiju\/","title":{"rendered":"KOALICIJA RASELJENIH: GLAS ZA SRPSKU LISTU JE GLAS ZA DR\u017dAVU SRBIJU"},"content":{"rendered":"<p>JAGODINA- Koalicija raseljenih lica sa Kosova i Metohije jo\u0161 jednom, na sednici u Jagodini, uputila je poziv svim Srbima raseljenih sa KIM, kao i ,,bra\u0107u i sestre koji su ostali na KIM&#8221;, \u00a0da u nedelju 6. oktobra daju glas Srpskoj listi.<\/p>\n<p>&#8211; Glas Srpskoj listi je glas za sva davanja dr\u017eave Srbije koja raseljeni imaju ve\u0107 dve decenije od progonstva. To je glas za na\u0161e barjake i \u0161ajka\u010de, molitve i manastire na KIM. Dr\u017eava Srbija je na KIM obnavljala konake, crkve i manastire. Svaki Srbin i ostali nealbanac lojalan dr\u017eavi Srbiji ima obavezu da u nedelju glasa za Srpsku listu, jer time glasa za dr\u017eavu Srbiju na prostoru KIM, stoji u saop\u0161tenju Koalicije.<\/p>\n<p>U saop\u0161tenju se podse\u0107a da ,,dok su neki drugi gradili golf terene i vile od \u0161iptarskih para, koje su dobijali zato \u0161to su bili poslu\u0161ni i lojalni ratnim zlo\u010dincima&#8221;, dr\u017eava Srbija je gradila bolnice, porodili\u0161ta, \u0161kole, domove kulture, konake, odbnavljala manastire i crkve na KIM.<\/p>\n<p>&#8211; U nedelju je u pitanju da li glasamo za poslu\u0161ne i lojalne, koji gledaju li\u010dni interes, ili glasamo za dr\u017eavu Srbiju. U nedelju ne glasamo za kandidate, ve\u0107 isklju\u010divo za dr\u017eavu, dok su sa druge strane li\u010dni interesi i nove vile, a na u\u0161trb srpske muke i stradanja . Do pobede Srpska lista, zaklju\u010deno je u saop\u0161tenju Kolicije raseljenih lica sa KIM<\/p>\n","protected":false},"excerpt":{"rendered":"<p>JAGODINA- Koalicija raseljenih lica sa Kosova i Metohije jo\u0161 jednom, na sednici u Jagodini, uputila je poziv svim Srbima raseljenih sa KIM, kao i ,,bra\u0107u &hellip; <\/p>\n","protected":false},"author":2,"featured_media":20520,"comment_status":"open","ping_status":"open","sticky":false,"template":"","format":"standard","meta":{"footnotes":""},"categories":[13,12],"tags":[58,4094,4095],"_links":{"self":[{"href":"https:\/\/centralmedia.rs\/index.php\/wp-json\/wp\/v2\/posts\/20519"}],"collection":[{"href":"https:\/\/centralmedia.rs\/index.php\/wp-json\/wp\/v2\/posts"}],"about":[{"href":"https:\/\/centralmedia.rs\/index.php\/wp-json\/wp\/v2\/types\/post"}],"author":[{"embeddable":true,"href":"https:\/\/centralmedia.rs\/index.php\/wp-json\/wp\/v2\/users\/2"}],"replies":[{"embeddable":true,"href":"https:\/\/centralmedia.rs\/index.php\/wp-json\/wp\/v2\/comments?post=20519"}],"version-history":[{"count":2,"href":"https:\/\/centralmedia.rs\/index.php\/wp-json\/wp\/v2\/posts\/20519\/revisions"}],"predecessor-version":[{"id":20522,"href":"https:\/\/centralmedia.rs\/index.php\/wp-json\/wp\/v2\/posts\/20519\/revisions\/20522"}],"wp:featuredmedia":[{"embeddable":true,"href":"https:\/\/centralmedia.rs\/index.php\/wp-json\/wp\/v2\/media\/20520"}],"wp:attachment":[{"href":"https:\/\/centralmedia.rs\/index.php\/wp-json\/wp\/v2\/media?parent=20519"}],"wp:term":[{"taxonomy":"category","embeddable":true,"href":"https:\/\/centralmedia.rs\/index.php\/wp-json\/wp\/v2\/categories?post=20519"},{"taxonomy":"post_tag","embeddable":true,"href":"https:\/\/centralmedia.rs\/index.php\/wp-json\/wp\/v2\/tags?post=20519"}],"curies":[{"name":"wp","href":"https:\/\/api.w.org\/{rel}","templated":true}]}}