{"id":20523,"date":"2019-10-04T21:36:19","date_gmt":"2019-10-04T21:36:19","guid":{"rendered":"http:\/\/centralmedia.rs\/?p=20523"},"modified":"2019-10-10T16:09:12","modified_gmt":"2019-10-10T16:09:12","slug":"istorijski-dan-za-gradane-paracinskog-naselja-cara-dusana-za-dve-godine-sva-prigradska-naselja-dobice-asfalt","status":"publish","type":"post","link":"https:\/\/centralmedia.rs\/index.php\/2019\/10\/04\/istorijski-dan-za-gradane-paracinskog-naselja-cara-dusana-za-dve-godine-sva-prigradska-naselja-dobice-asfalt\/","title":{"rendered":"ISTORIJSKI DAN ZA GRA\u0110ANE PARA\u0106INSKOG NASELJA CARA DU\u0160ANA &#8211; ZA DVE GODINE SVA PRIGRADSKA NASELJA DOBI\u0106E ASFALT"},"content":{"rendered":"<p>PARA\u0106IN- U naredne dve godine sve ulice u prigradskim naseljima bi\u0107e asfaltirane, izjavio je predsednik op\u0161tine Para\u0107in Sa\u0161a Paunovi\u0107 koji je posetil radove na zavr\u0161etku izgradnje \u00a0ulice\u00a0 u naselju Cara Du\u0161ana BB. To je na ranijim zborovima zahtevano od lokalne samouprave.<\/p>\n<p>-\u017delim da se zahvalim u ime me\u0161tana naselja Cara Du\u0161ana lokalnoj samoupravi koja je iza\u0161la u susret na\u0161im \u017eeljama i pro\u0161irila saobra\u0107ajnicu za 15 metara u pojedinim delovima, kako bi me\u0161tani mogli da okre\u0107u kamione. Nama\u00a0to mnogo zna\u010di. Dobili smo svetsku infrastrukturu, \u0161to bi se reklo, ivi\u010dnjake, fekalnu kanalizaciju, vodovod i sve u svemu mnogo smo zadovoljni svime \u0161to je op\u0161tina u\u010dinila u na\u0161em naselju. Mi smo nekada bili ilegalno naselje koje je napamet pravljeno, a dobili smo ure\u0111eno naselje koje ima ulice i infrastrukturu. Svemu ovome prethodilo je dugogodi\u0161nje re\u0161avanje imovinsko pravnih odnosa. Mi smo imali u naselju mnogo nere\u0161enih imovinskih odnosa i mislili smo da \u0107emo morati da preska\u010demo ograde kako bismo dolazili do svojih ku\u0107a, ka\u017ee Zoran Kojadinovi\u0107 i dodaje da je u me\u0111uvremenu dogovoreno sa lokalnom samoupravom Para\u0107in, na\u0111eno je re\u0161enje i model kako da se problemi re\u0161e.<\/p>\n<div id='gallery-1' class='gallery galleryid-20523 gallery-columns-3 gallery-size-full'><figure class='gallery-item'>\n\t\t\t<div class='gallery-icon landscape'>\n\t\t\t\t<a href='https:\/\/centralmedia.rs\/index.php\/2019\/10\/04\/istorijski-dan-za-gradane-paracinskog-naselja-cara-dusana-za-dve-godine-sva-prigradska-naselja-dobice-asfalt\/cara-dusana-2\/'><img loading=\"lazy\" decoding=\"async\" width=\"960\" height=\"468\" src=\"https:\/\/centralmedia.rs\/wp-content\/uploads\/2019\/10\/cara-dusana.jpg\" class=\"attachment-full size-full\" alt=\"\" srcset=\"https:\/\/centralmedia.rs\/wp-content\/uploads\/2019\/10\/cara-dusana.jpg 960w, https:\/\/centralmedia.rs\/wp-content\/uploads\/2019\/10\/cara-dusana-300x146.jpg 300w, https:\/\/centralmedia.rs\/wp-content\/uploads\/2019\/10\/cara-dusana-768x374.jpg 768w, https:\/\/centralmedia.rs\/wp-content\/uploads\/2019\/10\/cara-dusana-862x420.jpg 862w, https:\/\/centralmedia.rs\/wp-content\/uploads\/2019\/10\/cara-dusana-640x312.jpg 640w, https:\/\/centralmedia.rs\/wp-content\/uploads\/2019\/10\/cara-dusana-681x332.jpg 681w\" sizes=\"(max-width: 960px) 100vw, 960px\" \/><\/a>\n\t\t\t<\/div><\/figure><figure class='gallery-item'>\n\t\t\t<div class='gallery-icon landscape'>\n\t\t\t\t<a href='https:\/\/centralmedia.rs\/index.php\/2019\/10\/04\/istorijski-dan-za-gradane-paracinskog-naselja-cara-dusana-za-dve-godine-sva-prigradska-naselja-dobice-asfalt\/cara-dusana1\/'><img loading=\"lazy\" decoding=\"async\" width=\"2048\" height=\"1152\" src=\"https:\/\/centralmedia.rs\/wp-content\/uploads\/2019\/10\/cara-dusana1.jpg\" class=\"attachment-full size-full\" alt=\"\" srcset=\"https:\/\/centralmedia.rs\/wp-content\/uploads\/2019\/10\/cara-dusana1.jpg 2048w, https:\/\/centralmedia.rs\/wp-content\/uploads\/2019\/10\/cara-dusana1-300x169.jpg 300w, https:\/\/centralmedia.rs\/wp-content\/uploads\/2019\/10\/cara-dusana1-768x432.jpg 768w, https:\/\/centralmedia.rs\/wp-content\/uploads\/2019\/10\/cara-dusana1-1024x576.jpg 1024w, https:\/\/centralmedia.rs\/wp-content\/uploads\/2019\/10\/cara-dusana1-747x420.jpg 747w, https:\/\/centralmedia.rs\/wp-content\/uploads\/2019\/10\/cara-dusana1-640x360.jpg 640w, https:\/\/centralmedia.rs\/wp-content\/uploads\/2019\/10\/cara-dusana1-681x383.jpg 681w\" sizes=\"(max-width: 2048px) 100vw, 2048px\" \/><\/a>\n\t\t\t<\/div><\/figure><figure class='gallery-item'>\n\t\t\t<div class='gallery-icon landscape'>\n\t\t\t\t<a href='https:\/\/centralmedia.rs\/index.php\/2019\/10\/04\/istorijski-dan-za-gradane-paracinskog-naselja-cara-dusana-za-dve-godine-sva-prigradska-naselja-dobice-asfalt\/cara-dusana3\/'><img loading=\"lazy\" decoding=\"async\" width=\"2048\" height=\"1152\" src=\"https:\/\/centralmedia.rs\/wp-content\/uploads\/2019\/10\/cara-dusana3.jpg\" class=\"attachment-full size-full\" alt=\"\" srcset=\"https:\/\/centralmedia.rs\/wp-content\/uploads\/2019\/10\/cara-dusana3.jpg 2048w, https:\/\/centralmedia.rs\/wp-content\/uploads\/2019\/10\/cara-dusana3-300x169.jpg 300w, https:\/\/centralmedia.rs\/wp-content\/uploads\/2019\/10\/cara-dusana3-768x432.jpg 768w, https:\/\/centralmedia.rs\/wp-content\/uploads\/2019\/10\/cara-dusana3-1024x576.jpg 1024w, https:\/\/centralmedia.rs\/wp-content\/uploads\/2019\/10\/cara-dusana3-747x420.jpg 747w, https:\/\/centralmedia.rs\/wp-content\/uploads\/2019\/10\/cara-dusana3-640x360.jpg 640w, https:\/\/centralmedia.rs\/wp-content\/uploads\/2019\/10\/cara-dusana3-681x383.jpg 681w\" sizes=\"(max-width: 2048px) 100vw, 2048px\" \/><\/a>\n\t\t\t<\/div><\/figure>\n\t\t<\/div>\n\n<p>&#8211; Za dve godine mo\u017eemo da ka\u017eemo da \u0107e, ukoliko ne bude imovinskih problema, da budu asfaltirane ulice u svim prigradskim naseljima. Mo\u017eda \u0107e preostati ulice na Kara\u0111or\u0111evom brdu gde imamo ra\u0161trkane vikendice, ali sva gu\u0161\u0107e naseljena mesta dobi\u0107e asfalt. Istrojski dan za naselje Cara Du\u0161ana BB i Imovinsku slu\u017ebu op\u0161tine Para\u0107in. Posle re\u0161avanja svih probleme stigao je asfalt u naselje. Nastavak izgradnje u ovom naselju sledi, ali i ostalim prigradskim naseljima. Slede\u0107a ulica koja se radi je Carice Milice jug, ugovoreni su radovi u delu Moravske u naselju \u017dabari, bi\u0107e radova u Vlasinskoj koja se oslanja na Stri\u0161ko naselje, najavljuje Paunovi\u0107.<\/p>\n<p>&nbsp;<\/p>\n","protected":false},"excerpt":{"rendered":"<p>PARA\u0106IN- U naredne dve godine sve ulice u prigradskim naseljima bi\u0107e asfaltirane, izjavio je predsednik op\u0161tine Para\u0107in Sa\u0161a Paunovi\u0107 koji je posetil radove na zavr\u0161etku &hellip; <\/p>\n","protected":false},"author":2,"featured_media":20524,"comment_status":"open","ping_status":"open","sticky":false,"template":"","format":"standard","meta":{"footnotes":""},"categories":[1524,2,1516,887,16,12],"tags":[3247,4096,156],"_links":{"self":[{"href":"https:\/\/centralmedia.rs\/index.php\/wp-json\/wp\/v2\/posts\/20523"}],"collection":[{"href":"https:\/\/centralmedia.rs\/index.php\/wp-json\/wp\/v2\/posts"}],"about":[{"href":"https:\/\/centralmedia.rs\/index.php\/wp-json\/wp\/v2\/types\/post"}],"author":[{"embeddable":true,"href":"https:\/\/centralmedia.rs\/index.php\/wp-json\/wp\/v2\/users\/2"}],"replies":[{"embeddable":true,"href":"https:\/\/centralmedia.rs\/index.php\/wp-json\/wp\/v2\/comments?post=20523"}],"version-history":[{"count":1,"href":"https:\/\/centralmedia.rs\/index.php\/wp-json\/wp\/v2\/posts\/20523\/revisions"}],"predecessor-version":[{"id":20528,"href":"https:\/\/centralmedia.rs\/index.php\/wp-json\/wp\/v2\/posts\/20523\/revisions\/20528"}],"wp:featuredmedia":[{"embeddable":true,"href":"https:\/\/centralmedia.rs\/index.php\/wp-json\/wp\/v2\/media\/20524"}],"wp:attachment":[{"href":"https:\/\/centralmedia.rs\/index.php\/wp-json\/wp\/v2\/media?parent=20523"}],"wp:term":[{"taxonomy":"category","embeddable":true,"href":"https:\/\/centralmedia.rs\/index.php\/wp-json\/wp\/v2\/categories?post=20523"},{"taxonomy":"post_tag","embeddable":true,"href":"https:\/\/centralmedia.rs\/index.php\/wp-json\/wp\/v2\/tags?post=20523"}],"curies":[{"name":"wp","href":"https:\/\/api.w.org\/{rel}","templated":true}]}}