{"id":20536,"date":"2019-10-04T21:55:54","date_gmt":"2019-10-04T21:55:54","guid":{"rendered":"http:\/\/centralmedia.rs\/?p=20536"},"modified":"2019-10-10T16:08:46","modified_gmt":"2019-10-10T16:08:46","slug":"opstinari-na-delu","status":"publish","type":"post","link":"https:\/\/centralmedia.rs\/index.php\/2019\/10\/04\/opstinari-na-delu\/","title":{"rendered":"PARA\u0106INSKI OP\u0160TINARI NA DELU"},"content":{"rendered":"<p>PARA\u0106IN- Me\u0161tani Mesne zajednice Lebina obratili su se za pomo\u0107 u akciji \u010di\u0161\u0107enja rastinja pored puta u ovom selu Udru\u017eenju gradjana &#8220;Lokalna akciona grupa&#8221;. \u010clanove tog udru\u017eenja predvodio je predsednik op\u0161tine Sa\u0161a Paunovi\u0107, a me\u0111u ,,akcija\u0161ima&#8221; bili su na\u010delnici i zaposleni iz op\u0161tine.<\/p>\n<p>-Videli smo akciju \u010di\u0161\u0107enja u Busilovcu i obratili smo se udru\u017eenju kako bi obavili \u0161to vi\u0161e posla oko \u010di\u0161\u0107enja na vi\u0161e lokacija. Veliko hvala svima koji su se odazvali i pomogli nam da o\u010distimo na\u0161e selo, rekao je Stevan \u017divanovi\u0107.<\/p>\n<p><img loading=\"lazy\" decoding=\"async\" class=\"alignnone wp-image-20538 size-full\" src=\"http:\/\/centralmedia.rs\/wp-content\/uploads\/2019\/10\/lebina1.jpg\" alt=\"\" width=\"960\" height=\"720\" srcset=\"https:\/\/centralmedia.rs\/wp-content\/uploads\/2019\/10\/lebina1.jpg 960w, https:\/\/centralmedia.rs\/wp-content\/uploads\/2019\/10\/lebina1-300x225.jpg 300w, https:\/\/centralmedia.rs\/wp-content\/uploads\/2019\/10\/lebina1-768x576.jpg 768w, https:\/\/centralmedia.rs\/wp-content\/uploads\/2019\/10\/lebina1-560x420.jpg 560w, https:\/\/centralmedia.rs\/wp-content\/uploads\/2019\/10\/lebina1-80x60.jpg 80w, https:\/\/centralmedia.rs\/wp-content\/uploads\/2019\/10\/lebina1-100x75.jpg 100w, https:\/\/centralmedia.rs\/wp-content\/uploads\/2019\/10\/lebina1-180x135.jpg 180w, https:\/\/centralmedia.rs\/wp-content\/uploads\/2019\/10\/lebina1-238x178.jpg 238w, https:\/\/centralmedia.rs\/wp-content\/uploads\/2019\/10\/lebina1-640x480.jpg 640w, https:\/\/centralmedia.rs\/wp-content\/uploads\/2019\/10\/lebina1-681x511.jpg 681w\" sizes=\"(max-width: 960px) 100vw, 960px\" \/><\/p>\n","protected":false},"excerpt":{"rendered":"<p>PARA\u0106IN- Me\u0161tani Mesne zajednice Lebina obratili su se za pomo\u0107 u akciji \u010di\u0161\u0107enja rastinja pored puta u ovom selu Udru\u017eenju gradjana &#8220;Lokalna akciona grupa&#8221;. \u010clanove &hellip; <\/p>\n","protected":false},"author":2,"featured_media":20537,"comment_status":"open","ping_status":"open","sticky":false,"template":"","format":"standard","meta":{"footnotes":""},"categories":[14,1524,2,1516,887,12],"tags":[4098,3733,156],"_links":{"self":[{"href":"https:\/\/centralmedia.rs\/index.php\/wp-json\/wp\/v2\/posts\/20536"}],"collection":[{"href":"https:\/\/centralmedia.rs\/index.php\/wp-json\/wp\/v2\/posts"}],"about":[{"href":"https:\/\/centralmedia.rs\/index.php\/wp-json\/wp\/v2\/types\/post"}],"author":[{"embeddable":true,"href":"https:\/\/centralmedia.rs\/index.php\/wp-json\/wp\/v2\/users\/2"}],"replies":[{"embeddable":true,"href":"https:\/\/centralmedia.rs\/index.php\/wp-json\/wp\/v2\/comments?post=20536"}],"version-history":[{"count":4,"href":"https:\/\/centralmedia.rs\/index.php\/wp-json\/wp\/v2\/posts\/20536\/revisions"}],"predecessor-version":[{"id":20542,"href":"https:\/\/centralmedia.rs\/index.php\/wp-json\/wp\/v2\/posts\/20536\/revisions\/20542"}],"wp:featuredmedia":[{"embeddable":true,"href":"https:\/\/centralmedia.rs\/index.php\/wp-json\/wp\/v2\/media\/20537"}],"wp:attachment":[{"href":"https:\/\/centralmedia.rs\/index.php\/wp-json\/wp\/v2\/media?parent=20536"}],"wp:term":[{"taxonomy":"category","embeddable":true,"href":"https:\/\/centralmedia.rs\/index.php\/wp-json\/wp\/v2\/categories?post=20536"},{"taxonomy":"post_tag","embeddable":true,"href":"https:\/\/centralmedia.rs\/index.php\/wp-json\/wp\/v2\/tags?post=20536"}],"curies":[{"name":"wp","href":"https:\/\/api.w.org\/{rel}","templated":true}]}}