{"id":2055,"date":"2016-02-09T07:28:30","date_gmt":"2016-02-09T07:28:30","guid":{"rendered":"http:\/\/centralmedia.rs\/?p=2055"},"modified":"2016-02-09T07:28:30","modified_gmt":"2016-02-09T07:28:30","slug":"js-demantuje-levicu-srbije-krivicna-komlenovicu","status":"publish","type":"post","link":"https:\/\/centralmedia.rs\/index.php\/2016\/02\/09\/js-demantuje-levicu-srbije-krivicna-komlenovicu\/","title":{"rendered":"JS DEMANTUJE LEVICU SRBIJE &#8211; KRIVI\u010cNA KOMLENOVI\u0106U"},"content":{"rendered":"<p>JAGODINA-U centrali Jedinstvene Srbije u Jagodini najavili su danas da \u0107e podneti krivi\u010dnu prijavu protiv Radoslava Komlenovi\u0107a, biv\u0161eg predsednika gradskog odbora te stranke u Kru\u0161evcu, koji je ju\u010de pre\u0161ao u Pokret Levica Srbije. U JS tvrde da je Komlenovi\u0107 neovla\u0161\u0107eno izdavao strana\u010dke prostorije i tro\u0161io strana\u010dka sredstva, te da \u0107e od dr\u017eavnih organa zatra\u017eiti da ispitaju njegov rad dok je bio na funkciji predsednika te stranke u Kru\u0161evcu. U toj stranci demantuju i informaciju da je vi\u0161e njihovih mesnih odbora napustilo stranku, a posebno da je vi\u0161e njihovih \u010dlanova u Kru\u0161evcu pre\u0161lo u redove Levice Srbije.<br \/>\n-Neistina je da je bilo koji odbor JS pre\u0161ao u bilo koju stranku, a pogotovo Levicu Srbije. U taj pokret prema na\u0161im saznanjima pre\u0161ao je jedino Komlenovi\u0107, biv\u0161i predsednik gradskog odbora u Kru\u0161evcu. On je predhodno izba\u010den iz JS, gradski odbor je nastavio normalan rad sa novim predsednikom i rukovodstvom, isti\u010du u centrali JS.<br \/>\nIna\u010de, Komlenovi\u0107 je dugogodi\u0161nji lider Jedinstvene Srbije u Kru\u0161evcu, bio je jedan od osniva\u010da odbora JS u Kru\u0161evcu, predsednik Gradskog odbora, odbornik u lokalnoj Skup\u0161tini, a od 2012. do 2014. godine i narodni poslanik na listi SPS-JS-PUPS. On je ju\u010de tvrdio da je od 70 mesnih odbora Jedinstvene Srbije u Kru\u0161evcu i okolini, 30 pre\u0161lo u stranku Borka Stefanovi\u0107a, kao i da \u0107e to uskoro u\u010diniti i neki odbornici. Prema sopstevnom priznanju, Komlenovi\u0107 je objasnio da je preglasan u gradskom odboru JS kada je zatra\u017eio izlazak iz vlasti u kru\u0161evcu, jer je bio nezadovoljan radom.<br \/>\nMe\u0111utim, \u010dlanovi JS iz Kru\u0161evca otkrivaju  da je Komlenovi\u0107 napustio stranku jer su na vol\u0161eban na\u010din nestale pare koji je Gradski odbor JS u Kru\u0161evcu dobio od centrale u Jagodini kako bi se namirila dugovanja za kiriju i struju.<br \/>\n&#8211; Postoje neka dugovanja, ali je o tome postignut dogovor sa Poslovnim centrom. Mnogo ve\u0107e stranke duguju milionske sume i za struju i za vodu i za kiriju, ka\u017ee Komlenovi\u0107 odbacuji\u0107i tvrdnje doju\u010dera\u0161njih partijskih kolega.<\/p>\n","protected":false},"excerpt":{"rendered":"<p>JAGODINA-U centrali Jedinstvene Srbije u Jagodini najavili su danas da \u0107e podneti krivi\u010dnu prijavu protiv Radoslava Komlenovi\u0107a, biv\u0161eg predsednika gradskog odbora te stranke u Kru\u0161evcu, &hellip; <\/p>\n","protected":false},"author":4,"featured_media":2056,"comment_status":"open","ping_status":"open","sticky":false,"template":"","format":"standard","meta":{"footnotes":""},"categories":[2,13,12],"tags":[527,526,525],"_links":{"self":[{"href":"https:\/\/centralmedia.rs\/index.php\/wp-json\/wp\/v2\/posts\/2055"}],"collection":[{"href":"https:\/\/centralmedia.rs\/index.php\/wp-json\/wp\/v2\/posts"}],"about":[{"href":"https:\/\/centralmedia.rs\/index.php\/wp-json\/wp\/v2\/types\/post"}],"author":[{"embeddable":true,"href":"https:\/\/centralmedia.rs\/index.php\/wp-json\/wp\/v2\/users\/4"}],"replies":[{"embeddable":true,"href":"https:\/\/centralmedia.rs\/index.php\/wp-json\/wp\/v2\/comments?post=2055"}],"version-history":[{"count":0,"href":"https:\/\/centralmedia.rs\/index.php\/wp-json\/wp\/v2\/posts\/2055\/revisions"}],"wp:featuredmedia":[{"embeddable":true,"href":"https:\/\/centralmedia.rs\/index.php\/wp-json\/wp\/v2\/media\/2056"}],"wp:attachment":[{"href":"https:\/\/centralmedia.rs\/index.php\/wp-json\/wp\/v2\/media?parent=2055"}],"wp:term":[{"taxonomy":"category","embeddable":true,"href":"https:\/\/centralmedia.rs\/index.php\/wp-json\/wp\/v2\/categories?post=2055"},{"taxonomy":"post_tag","embeddable":true,"href":"https:\/\/centralmedia.rs\/index.php\/wp-json\/wp\/v2\/tags?post=2055"}],"curies":[{"name":"wp","href":"https:\/\/api.w.org\/{rel}","templated":true}]}}