{"id":20575,"date":"2019-10-07T17:04:25","date_gmt":"2019-10-07T17:04:25","guid":{"rendered":"http:\/\/centralmedia.rs\/?p=20575"},"modified":"2019-10-10T16:06:03","modified_gmt":"2019-10-10T16:06:03","slug":"na-crh-sarenoj-trci-vise-od-1-000-ucesnika","status":"publish","type":"post","link":"https:\/\/centralmedia.rs\/index.php\/2019\/10\/07\/na-crh-sarenoj-trci-vise-od-1-000-ucesnika\/","title":{"rendered":"NA CRH \u0160arenoj trci vi\u0161e od 1.000 u\u010desnika"},"content":{"rendered":"<p>PARA\u0106IN &#8211; Kompanija CRH Srbija organizovala je u nedelju, 6. oktobra sa po\u010detkom u 11 \u010dasova, doga\u0111aj pod nazivom\u00a0CRH \u0161arena trka\u00a0na ulicama Para\u0107ina.\u00a0\u0160arena trka, u du\u017eini od 5 kilometara, u centru grada, kod spomenika, okupila je vi\u0161e od 1.000 u\u010desnika, a program je vodio poznati radio voditelj Dragan Ili\u0107.<\/p>\n<p>Ono \u0161to je ovu trku razlikovalo od drugih i \u010dinilo je posebno zanimljivom je \u0161to su se na odre\u0111enim deonicama, na svakih 700 metara, svi u\u010desnici prskali razli\u010ditim, ne\u0161kodljivim, bojama kako bi kroz cilj pro\u0161li \u0161to \u0161areniji. Zato je ovo doga\u0111aj bio zanimljiv svim uzrastima i generacijama i okupio je veliki broj dece i mladih ali i \u010ditave porodice i one malo starije. Neposredno pred objavu starta, sve prisutne je pozdravio generalni direktor kompanije CRH Srbija, Roman Menc, zahvalio se svim prisutnim trka\u010dima i po\u017eeleo im dobru zabavu.<\/p>\n<p>-CRH Srbija je ove godine odlu\u010dila da promovi\u0161e zabavu, zdravlje, porodicu i prijateljstvo, organizujuc\u0301i prvi put u regionu takozvanu \u201e\u0160arenu trku\u201c. Ovo je trka za sve nas, za na\u0161e kolege, za na\u0161e prijatelje, za roditelje, za na\u0161u decu &#8211; da tr\u010dimo zajedno, jedan pored drugog i da slavimo lepotu zajedni\u010dkog \u017eivota.Svi ljudi koji c\u0301e ciljnu liniju prec\u0301i potpuno \u0161areni bic\u0301e pobednici. Danas ovde nema gubitnika, rekao je Menc\u201d.<\/p>\n<p>Ruta kojom se tr\u010dalo obuhvatala je slede\u0107e ulice: Kralja Petra I, Majora Marka, Tome \u017divanovi\u0107a, Dimitrija Marjanovi\u0107a, Poenkareova, Branka Krsmanovi\u0107a. Fini\u0161 trke bio je u ulici Kralja Petra I, gde je trka i startovala.<\/p>\n<p>Trka je bila rekreativnog karaktera ali su najbolji svakako bili nagra\u0111eni peharima. U mu\u0161koj konkurenciji, prvo mesto pripalo je Du\u0161anu Krsti\u0107u, drugo mesto Tomislavu Pani\u0107u a tre\u0107e mesto Sre\u0107ku Milanovi\u0107u. U \u017eenskoj konkurenciji prvo mesto osvojila je Tijana Dimi\u0107, drugo mesto Ema \u0110oki\u0107 a tre\u0107e mesto Ljubica Papi\u0107. U posebnoj kategoriji, za one najmla\u0111e trka\u010de, koji su kroz cilj pro\u0161li naj\u0161areniji, pehare su dobili Stefan Milojkovi\u0107, Aleksandra Arsenijevi\u0107 i Jovan Peri\u0107.<\/p>\n<p>&nbsp;<\/p>\n","protected":false},"excerpt":{"rendered":"<p>PARA\u0106IN &#8211; Kompanija CRH Srbija organizovala je u nedelju, 6. oktobra sa po\u010detkom u 11 \u010dasova, doga\u0111aj pod nazivom\u00a0CRH \u0161arena trka\u00a0na ulicama Para\u0107ina.\u00a0\u0160arena trka, u &hellip; <\/p>\n","protected":false},"author":2,"featured_media":20576,"comment_status":"open","ping_status":"open","sticky":false,"template":"","format":"standard","meta":{"footnotes":""},"categories":[1524,2,1516,887,21,12],"tags":[4105,156],"_links":{"self":[{"href":"https:\/\/centralmedia.rs\/index.php\/wp-json\/wp\/v2\/posts\/20575"}],"collection":[{"href":"https:\/\/centralmedia.rs\/index.php\/wp-json\/wp\/v2\/posts"}],"about":[{"href":"https:\/\/centralmedia.rs\/index.php\/wp-json\/wp\/v2\/types\/post"}],"author":[{"embeddable":true,"href":"https:\/\/centralmedia.rs\/index.php\/wp-json\/wp\/v2\/users\/2"}],"replies":[{"embeddable":true,"href":"https:\/\/centralmedia.rs\/index.php\/wp-json\/wp\/v2\/comments?post=20575"}],"version-history":[{"count":1,"href":"https:\/\/centralmedia.rs\/index.php\/wp-json\/wp\/v2\/posts\/20575\/revisions"}],"predecessor-version":[{"id":20577,"href":"https:\/\/centralmedia.rs\/index.php\/wp-json\/wp\/v2\/posts\/20575\/revisions\/20577"}],"wp:featuredmedia":[{"embeddable":true,"href":"https:\/\/centralmedia.rs\/index.php\/wp-json\/wp\/v2\/media\/20576"}],"wp:attachment":[{"href":"https:\/\/centralmedia.rs\/index.php\/wp-json\/wp\/v2\/media?parent=20575"}],"wp:term":[{"taxonomy":"category","embeddable":true,"href":"https:\/\/centralmedia.rs\/index.php\/wp-json\/wp\/v2\/categories?post=20575"},{"taxonomy":"post_tag","embeddable":true,"href":"https:\/\/centralmedia.rs\/index.php\/wp-json\/wp\/v2\/tags?post=20575"}],"curies":[{"name":"wp","href":"https:\/\/api.w.org\/{rel}","templated":true}]}}