{"id":20606,"date":"2019-10-08T18:34:39","date_gmt":"2019-10-08T18:34:39","guid":{"rendered":"http:\/\/centralmedia.rs\/?p=20606"},"modified":"2019-10-14T13:20:04","modified_gmt":"2019-10-14T13:20:04","slug":"10-svilajnacki-kros","status":"publish","type":"post","link":"https:\/\/centralmedia.rs\/index.php\/2019\/10\/08\/10-svilajnacki-kros\/","title":{"rendered":"10. SVILAJNA\u010cKI KROS"},"content":{"rendered":"<p>SVILAJNAC-Vi\u0161e stotina u\u010denika svilajna\u010dkih \u0161kola tr\u010dali su danas na 10. tradicionalnom krosu. Takmi\u010denje je otvorio predsednik op\u0161tine Svilajnac Predrag Milanovi\u0107. Medalje najboljim u\u010desnicima uru\u010dili su Dragana Radevi\u0107, zamenik predsednika op\u0161tine Svilajnac i Danilo Vu\u010dkovi\u0107, predsednik Sportskog saveza op\u0161tine Svilajnac.<\/p>\n<div id='gallery-1' class='gallery galleryid-20606 gallery-columns-3 gallery-size-thumbnail'><figure class='gallery-item'>\n\t\t\t<div class='gallery-icon landscape'>\n\t\t\t\t<a href='https:\/\/centralmedia.rs\/index.php\/2019\/10\/08\/10-svilajnacki-kros\/kros-5\/'><img loading=\"lazy\" decoding=\"async\" width=\"150\" height=\"150\" src=\"https:\/\/centralmedia.rs\/wp-content\/uploads\/2019\/10\/kros-1-150x150.jpg\" class=\"attachment-thumbnail size-thumbnail\" alt=\"\" \/><\/a>\n\t\t\t<\/div><\/figure><figure class='gallery-item'>\n\t\t\t<div class='gallery-icon landscape'>\n\t\t\t\t<a href='https:\/\/centralmedia.rs\/index.php\/2019\/10\/08\/10-svilajnacki-kros\/kros1\/'><img loading=\"lazy\" decoding=\"async\" width=\"150\" height=\"150\" src=\"https:\/\/centralmedia.rs\/wp-content\/uploads\/2019\/10\/kros1-150x150.jpg\" class=\"attachment-thumbnail size-thumbnail\" alt=\"\" \/><\/a>\n\t\t\t<\/div><\/figure><figure class='gallery-item'>\n\t\t\t<div class='gallery-icon portrait'>\n\t\t\t\t<a href='https:\/\/centralmedia.rs\/index.php\/2019\/10\/08\/10-svilajnacki-kros\/kros2\/'><img loading=\"lazy\" decoding=\"async\" width=\"150\" height=\"150\" src=\"https:\/\/centralmedia.rs\/wp-content\/uploads\/2019\/10\/kros2-150x150.jpg\" class=\"attachment-thumbnail size-thumbnail\" alt=\"\" \/><\/a>\n\t\t\t<\/div><\/figure>\n\t\t<\/div>\n\n","protected":false},"excerpt":{"rendered":"<p>SVILAJNAC-Vi\u0161e stotina u\u010denika svilajna\u010dkih \u0161kola tr\u010dali su danas na 10. tradicionalnom krosu. Takmi\u010denje je otvorio predsednik op\u0161tine Svilajnac Predrag Milanovi\u0107. Medalje najboljim u\u010desnicima uru\u010dili su &hellip; <\/p>\n","protected":false},"author":2,"featured_media":20607,"comment_status":"open","ping_status":"open","sticky":false,"template":"","format":"standard","meta":{"footnotes":""},"categories":[1524,2,887,21,12,1517],"tags":[1383,38],"_links":{"self":[{"href":"https:\/\/centralmedia.rs\/index.php\/wp-json\/wp\/v2\/posts\/20606"}],"collection":[{"href":"https:\/\/centralmedia.rs\/index.php\/wp-json\/wp\/v2\/posts"}],"about":[{"href":"https:\/\/centralmedia.rs\/index.php\/wp-json\/wp\/v2\/types\/post"}],"author":[{"embeddable":true,"href":"https:\/\/centralmedia.rs\/index.php\/wp-json\/wp\/v2\/users\/2"}],"replies":[{"embeddable":true,"href":"https:\/\/centralmedia.rs\/index.php\/wp-json\/wp\/v2\/comments?post=20606"}],"version-history":[{"count":1,"href":"https:\/\/centralmedia.rs\/index.php\/wp-json\/wp\/v2\/posts\/20606\/revisions"}],"predecessor-version":[{"id":20611,"href":"https:\/\/centralmedia.rs\/index.php\/wp-json\/wp\/v2\/posts\/20606\/revisions\/20611"}],"wp:featuredmedia":[{"embeddable":true,"href":"https:\/\/centralmedia.rs\/index.php\/wp-json\/wp\/v2\/media\/20607"}],"wp:attachment":[{"href":"https:\/\/centralmedia.rs\/index.php\/wp-json\/wp\/v2\/media?parent=20606"}],"wp:term":[{"taxonomy":"category","embeddable":true,"href":"https:\/\/centralmedia.rs\/index.php\/wp-json\/wp\/v2\/categories?post=20606"},{"taxonomy":"post_tag","embeddable":true,"href":"https:\/\/centralmedia.rs\/index.php\/wp-json\/wp\/v2\/tags?post=20606"}],"curies":[{"name":"wp","href":"https:\/\/api.w.org\/{rel}","templated":true}]}}