{"id":20612,"date":"2019-10-08T18:43:47","date_gmt":"2019-10-08T18:43:47","guid":{"rendered":"http:\/\/centralmedia.rs\/?p=20612"},"modified":"2019-10-10T16:06:50","modified_gmt":"2019-10-10T16:06:50","slug":"najveca-strana-investicija-u-centralnoj-srbiji-turci-grade-u-cupriji-industrijski-park-od-8-000-kvadrata","status":"publish","type":"post","link":"https:\/\/centralmedia.rs\/index.php\/2019\/10\/08\/najveca-strana-investicija-u-centralnoj-srbiji-turci-grade-u-cupriji-industrijski-park-od-8-000-kvadrata\/","title":{"rendered":"NAJVE\u0106A STRANA INVESTICIJA U CENTRALNOJ SRBIJI &#8211; TURCI GRADE U \u0106UPRIJI INDUSTRIJSKI PARK OD 8.000 KVADRATA"},"content":{"rendered":"<p>\u0106UPRIJA- Turska kompanija za proizvodnju autodelova &#8220;Feka automotiv&#8221; u \u0106upriji je zapo\u010dela izgradnju proizvodnih pogona u Industrijskoj zoni Minel. Investicija je vredna 11,5 miliona evra i ve\u0107 po\u010detkom 2020. godine u prvoj fazi bi\u0107e uposleno 130 radnika. Na \u010detiri hektara, koje je op\u0161tina \u0106uprija namenila za industrijsku izgradnju, Turci grade proizvodnu halu od 8.000 kvadrata. U \u0106upriji \u0107e se proizvodtiti svetlsone grupe za automobile presti\u017enih evropskih marki. Pored toga, iz ,,Feke&#8221; najavljuju ve\u0107e zarade od trenutnog proseka u \u0106upriji. Lokalna samouprava je odnos prema investitorima definisala kao najbitniji projekat, \u0161to su investitori preoznali, jer je re\u010d o brzini dobijanja dozvola za gradnju, po\u010detak proizvodnje i re\u0161avanju administrativnih problema. Po\u010detak proizvodnje investitori najavljuju za kraj ove ili po\u010detak naredne godine.<\/p>\n<div id='gallery-1' class='gallery galleryid-20612 gallery-columns-3 gallery-size-full'><figure class='gallery-item'>\n\t\t\t<div class='gallery-icon landscape'>\n\t\t\t\t<a href='https:\/\/centralmedia.rs\/index.php\/2019\/10\/08\/najveca-strana-investicija-u-centralnoj-srbiji-turci-grade-u-cupriji-industrijski-park-od-8-000-kvadrata\/feka2\/'><img loading=\"lazy\" decoding=\"async\" width=\"1050\" height=\"510\" src=\"https:\/\/centralmedia.rs\/wp-content\/uploads\/2019\/10\/FEKA2.jpg\" class=\"attachment-full size-full\" alt=\"\" srcset=\"https:\/\/centralmedia.rs\/wp-content\/uploads\/2019\/10\/FEKA2.jpg 1050w, https:\/\/centralmedia.rs\/wp-content\/uploads\/2019\/10\/FEKA2-300x146.jpg 300w, https:\/\/centralmedia.rs\/wp-content\/uploads\/2019\/10\/FEKA2-768x373.jpg 768w, https:\/\/centralmedia.rs\/wp-content\/uploads\/2019\/10\/FEKA2-1024x497.jpg 1024w, https:\/\/centralmedia.rs\/wp-content\/uploads\/2019\/10\/FEKA2-865x420.jpg 865w, https:\/\/centralmedia.rs\/wp-content\/uploads\/2019\/10\/FEKA2-640x311.jpg 640w, https:\/\/centralmedia.rs\/wp-content\/uploads\/2019\/10\/FEKA2-681x331.jpg 681w\" sizes=\"(max-width: 1050px) 100vw, 1050px\" \/><\/a>\n\t\t\t<\/div><\/figure><figure class='gallery-item'>\n\t\t\t<div class='gallery-icon landscape'>\n\t\t\t\t<a href='https:\/\/centralmedia.rs\/index.php\/2019\/10\/08\/najveca-strana-investicija-u-centralnoj-srbiji-turci-grade-u-cupriji-industrijski-park-od-8-000-kvadrata\/feka3\/'><img loading=\"lazy\" decoding=\"async\" width=\"1050\" height=\"510\" src=\"https:\/\/centralmedia.rs\/wp-content\/uploads\/2019\/10\/FEKA3.jpg\" class=\"attachment-full size-full\" alt=\"\" srcset=\"https:\/\/centralmedia.rs\/wp-content\/uploads\/2019\/10\/FEKA3.jpg 1050w, https:\/\/centralmedia.rs\/wp-content\/uploads\/2019\/10\/FEKA3-300x146.jpg 300w, https:\/\/centralmedia.rs\/wp-content\/uploads\/2019\/10\/FEKA3-768x373.jpg 768w, https:\/\/centralmedia.rs\/wp-content\/uploads\/2019\/10\/FEKA3-1024x497.jpg 1024w, https:\/\/centralmedia.rs\/wp-content\/uploads\/2019\/10\/FEKA3-865x420.jpg 865w, https:\/\/centralmedia.rs\/wp-content\/uploads\/2019\/10\/FEKA3-640x311.jpg 640w, https:\/\/centralmedia.rs\/wp-content\/uploads\/2019\/10\/FEKA3-681x331.jpg 681w\" sizes=\"(max-width: 1050px) 100vw, 1050px\" \/><\/a>\n\t\t\t<\/div><\/figure><figure class='gallery-item'>\n\t\t\t<div class='gallery-icon landscape'>\n\t\t\t\t<a href='https:\/\/centralmedia.rs\/index.php\/2019\/10\/08\/najveca-strana-investicija-u-centralnoj-srbiji-turci-grade-u-cupriji-industrijski-park-od-8-000-kvadrata\/feka1\/'><img loading=\"lazy\" decoding=\"async\" width=\"1050\" height=\"510\" src=\"https:\/\/centralmedia.rs\/wp-content\/uploads\/2019\/10\/FEKA1.jpg\" class=\"attachment-full size-full\" alt=\"\" srcset=\"https:\/\/centralmedia.rs\/wp-content\/uploads\/2019\/10\/FEKA1.jpg 1050w, https:\/\/centralmedia.rs\/wp-content\/uploads\/2019\/10\/FEKA1-300x146.jpg 300w, https:\/\/centralmedia.rs\/wp-content\/uploads\/2019\/10\/FEKA1-768x373.jpg 768w, https:\/\/centralmedia.rs\/wp-content\/uploads\/2019\/10\/FEKA1-1024x497.jpg 1024w, https:\/\/centralmedia.rs\/wp-content\/uploads\/2019\/10\/FEKA1-865x420.jpg 865w, https:\/\/centralmedia.rs\/wp-content\/uploads\/2019\/10\/FEKA1-640x311.jpg 640w, https:\/\/centralmedia.rs\/wp-content\/uploads\/2019\/10\/FEKA1-681x331.jpg 681w\" sizes=\"(max-width: 1050px) 100vw, 1050px\" \/><\/a>\n\t\t\t<\/div><\/figure>\n\t\t<\/div>\n\n","protected":false},"excerpt":{"rendered":"<p>\u0106UPRIJA- Turska kompanija za proizvodnju autodelova &#8220;Feka automotiv&#8221; u \u0106upriji je zapo\u010dela izgradnju proizvodnih pogona u Industrijskoj zoni Minel. Investicija je vredna 11,5 miliona evra &hellip; <\/p>\n","protected":false},"author":2,"featured_media":20613,"comment_status":"open","ping_status":"open","sticky":false,"template":"","format":"standard","meta":{"footnotes":""},"categories":[22,1515,1524,2,887,12],"tags":[44,4107,385,1432],"_links":{"self":[{"href":"https:\/\/centralmedia.rs\/index.php\/wp-json\/wp\/v2\/posts\/20612"}],"collection":[{"href":"https:\/\/centralmedia.rs\/index.php\/wp-json\/wp\/v2\/posts"}],"about":[{"href":"https:\/\/centralmedia.rs\/index.php\/wp-json\/wp\/v2\/types\/post"}],"author":[{"embeddable":true,"href":"https:\/\/centralmedia.rs\/index.php\/wp-json\/wp\/v2\/users\/2"}],"replies":[{"embeddable":true,"href":"https:\/\/centralmedia.rs\/index.php\/wp-json\/wp\/v2\/comments?post=20612"}],"version-history":[{"count":1,"href":"https:\/\/centralmedia.rs\/index.php\/wp-json\/wp\/v2\/posts\/20612\/revisions"}],"predecessor-version":[{"id":20616,"href":"https:\/\/centralmedia.rs\/index.php\/wp-json\/wp\/v2\/posts\/20612\/revisions\/20616"}],"wp:featuredmedia":[{"embeddable":true,"href":"https:\/\/centralmedia.rs\/index.php\/wp-json\/wp\/v2\/media\/20613"}],"wp:attachment":[{"href":"https:\/\/centralmedia.rs\/index.php\/wp-json\/wp\/v2\/media?parent=20612"}],"wp:term":[{"taxonomy":"category","embeddable":true,"href":"https:\/\/centralmedia.rs\/index.php\/wp-json\/wp\/v2\/categories?post=20612"},{"taxonomy":"post_tag","embeddable":true,"href":"https:\/\/centralmedia.rs\/index.php\/wp-json\/wp\/v2\/tags?post=20612"}],"curies":[{"name":"wp","href":"https:\/\/api.w.org\/{rel}","templated":true}]}}