{"id":20650,"date":"2019-10-09T16:06:27","date_gmt":"2019-10-09T16:06:27","guid":{"rendered":"http:\/\/centralmedia.rs\/?p=20650"},"modified":"2019-10-14T13:17:33","modified_gmt":"2019-10-14T13:17:33","slug":"konferencija-za-novinare-direktora-jkp-paracin-zivkovic-nikada-nije-bilo-nezakonitosti-i-nepravilnosti-u-poslovanju","status":"publish","type":"post","link":"https:\/\/centralmedia.rs\/index.php\/2019\/10\/09\/konferencija-za-novinare-direktora-jkp-paracin-zivkovic-nikada-nije-bilo-nezakonitosti-i-nepravilnosti-u-poslovanju\/","title":{"rendered":"KONFERENCIJA ZA NOVINARE DIREKTORA JKP PARA\u0106IN &#8211; \u017dIVKOVI\u0106: ,,Nikada nije bilo nezakonitosti i nepravilnosti u poslovanju&#8221;"},"content":{"rendered":"<p>PARA\u0106IN- Povodom pritisaka, koji traju godinu i po dana, i \u010dar\u0161ijskih pri\u010da o hap\u0161enju danas je direktor JKP Para\u0107in Danijel \u017divkovi\u0107 odr\u017eao konferenciju za novinare. On je na po\u010detku pro\u010ditao odborni\u010dka pitanja.<\/p>\n<div id='gallery-1' class='gallery galleryid-20650 gallery-columns-5 gallery-size-thumbnail'><figure class='gallery-item'>\n\t\t\t<div class='gallery-icon landscape'>\n\t\t\t\t<a href='https:\/\/centralmedia.rs\/index.php\/2019\/10\/09\/konferencija-za-novinare-direktora-jkp-paracin-zivkovic-nikada-nije-bilo-nezakonitosti-i-nepravilnosti-u-poslovanju\/danijel-4\/'><img loading=\"lazy\" decoding=\"async\" width=\"150\" height=\"150\" src=\"https:\/\/centralmedia.rs\/wp-content\/uploads\/2019\/10\/danijel-4-150x150.jpg\" class=\"attachment-thumbnail size-thumbnail\" alt=\"\" \/><\/a>\n\t\t\t<\/div><\/figure><figure class='gallery-item'>\n\t\t\t<div class='gallery-icon landscape'>\n\t\t\t\t<a href='https:\/\/centralmedia.rs\/index.php\/2019\/10\/09\/konferencija-za-novinare-direktora-jkp-paracin-zivkovic-nikada-nije-bilo-nezakonitosti-i-nepravilnosti-u-poslovanju\/danijel\/'><img loading=\"lazy\" decoding=\"async\" width=\"150\" height=\"150\" src=\"https:\/\/centralmedia.rs\/wp-content\/uploads\/2019\/10\/danijel-150x150.jpg\" class=\"attachment-thumbnail size-thumbnail\" alt=\"\" \/><\/a>\n\t\t\t<\/div><\/figure><figure class='gallery-item'>\n\t\t\t<div class='gallery-icon portrait'>\n\t\t\t\t<a href='https:\/\/centralmedia.rs\/index.php\/2019\/10\/09\/konferencija-za-novinare-direktora-jkp-paracin-zivkovic-nikada-nije-bilo-nezakonitosti-i-nepravilnosti-u-poslovanju\/danijel1\/'><img loading=\"lazy\" decoding=\"async\" width=\"150\" height=\"150\" src=\"https:\/\/centralmedia.rs\/wp-content\/uploads\/2019\/10\/danijel1-150x150.jpg\" class=\"attachment-thumbnail size-thumbnail\" alt=\"\" \/><\/a>\n\t\t\t<\/div><\/figure><figure class='gallery-item'>\n\t\t\t<div class='gallery-icon landscape'>\n\t\t\t\t<a href='https:\/\/centralmedia.rs\/index.php\/2019\/10\/09\/konferencija-za-novinare-direktora-jkp-paracin-zivkovic-nikada-nije-bilo-nezakonitosti-i-nepravilnosti-u-poslovanju\/danijel3\/'><img loading=\"lazy\" decoding=\"async\" width=\"150\" height=\"150\" src=\"https:\/\/centralmedia.rs\/wp-content\/uploads\/2019\/10\/danijel3-150x150.jpg\" class=\"attachment-thumbnail size-thumbnail\" alt=\"\" \/><\/a>\n\t\t\t<\/div><\/figure><figure class='gallery-item'>\n\t\t\t<div class='gallery-icon landscape'>\n\t\t\t\t<a href='https:\/\/centralmedia.rs\/index.php\/2019\/10\/09\/konferencija-za-novinare-direktora-jkp-paracin-zivkovic-nikada-nije-bilo-nezakonitosti-i-nepravilnosti-u-poslovanju\/danijel2\/'><img loading=\"lazy\" decoding=\"async\" width=\"150\" height=\"150\" src=\"https:\/\/centralmedia.rs\/wp-content\/uploads\/2019\/10\/danijel2-150x150.jpg\" class=\"attachment-thumbnail size-thumbnail\" alt=\"\" \/><\/a>\n\t\t\t<\/div><\/figure>\n\t\t<\/div>\n\n<p>&#8211; Na samom po\u010detku mog obra\u0107anja, pro\u010dita\u0107u vam najpre odborni\u010dko pitanje postavljeno na jednoj od prethodnih sednica SO Para\u0107in, upu\u0107eno unutra\u0161njoj kontroli policije, a koje glasi, citiram: \u201eda li je ta\u010dno da na\u010delnik policijske stanice Para\u0107in Dragan Stojinovi\u0107, poverenik OO SNS Para\u0107in Zdravko Mihi\u0107 i nepoznato lice koje se predstavlja kao \u201ekolega iz Ni\u0161a\u201c pozivaju na sastanak na lokacijama zaklonjenim od javnosti para\u0107inske privrednika koji sara\u0111uju sa javnim preduze\u0107ima i ustanovama u Para\u0107inu, prete im uni\u0161tavanjem poslovanja, ukoliko ne daju la\u017eno priznanje da su davali mito rukovodiocima tih javnih preduze\u0107a i ustanova ili pristanu da odnesu la\u017eni mito rukovodiocima tih javnih preduze\u0107a i ustanova ?\u201c.<\/p>\n<p>pro\u010dita\u0107u Vam zatim i odborni\u010dko pitanje postavljeno na jo\u0161 jednoj od prethodnih sednica SO Para\u0107in, koje glasi: \u201eda li je ta\u010dno da je krivi\u010dna prijava po kojoj se postupalo, odnosno po kojoj je postupalo Odeljenje specijalnog javnog tu\u017eila\u0161tva u Kraljevu, prema Javnom komunalnom preduze\u0107u Para\u0107in,\u00a0 istovremeno napisana i prema JP VODOVOD Para\u0107in i trebalo je da do\u0111u da postupaju iz tog odeljenja, odnosno da po\u0161alju istra\u017ene organe, ali nisu, a da je razlog zbog koga policija nije do\u0161la i zbog koga ne postupa prema JP VODOVOD rok koji je dat direktoru ovog javnog preduze\u0107a Neboj\u0161i Simi\u0107u, da da otkaz na mesto direktora i da pre\u0111e u SNS, a ukoliko taj rok ne ispo\u0161tuje onda \u0107e da krene postupanje po toj prijavi ?\u201c.<\/p>\n<p>Odborni\u010dka pitanja koja sam Vam pro\u010ditao, a koja su od strane odbornika kao legitimno izabranih predstavnika gra\u0111ana op\u0161tine Para\u0107in postavljana na prethodnim sednicama najvi\u0161eg organa lokalne vlasti, Skup\u0161tine op\u0161tine Para\u0107in, a koja ja ne\u0107u komentarisati, dovoljno govore u kakvoj atmosferi ja obavljam du\u017enost direktora Javnog komunalnog preduze\u0107a \u201ePARA\u0106IN\u201c i kakve su sve vrste pritisaka u pitanju.<\/p>\n<p>Javno komunalno preduze\u0107e \u201ePARA\u0106IN\u201c je u prethodnih godinu i po dana imalo bezbroj kontrola policije i razli\u010ditih organa dr\u017eavne vlasti. Tako\u0111e smo imali kontrolu i Dr\u017eavne revizorske institucije.<\/p>\n<p>Imali smo kontrole od strane Republi\u010dke komunalne inspekcije, od strane Inspekcije rada iz Jagodine, Inspekcije rada iz Kru\u0161evca, ekolo\u0161ke inspekcije, kontole odeljenja za vanredne situacije&#8230; u vi\u0161e navrata.<\/p>\n<p>Po razli\u010ditim, uvek anonimnim prijavama, kontrolisani smo od strane Specijalnog tu\u017eila\u0161tva, odeljenja u Kraljevu. Sve te silne kontrole su pokazale da nikada nije bilo nezakonitosti i nepravilnosti u poslovanju ovog javnog preduze\u0107a.<\/p>\n<p>Ponavljam, nikada nije bilo nezakonitosti i nepravilnosti u poslovanju ovog javnog preduze\u0107a.<\/p>\n<p>O tome svakako svedo\u010di i ocena RELLOF-a (Projekta reforme lokalnih fionansija), koji finansira Vlada Republike \u0160vajcarske, prema kojoj je JKP \u201ePARA\u0106IN\u201c za sada (provere jo\u0161 uvek traju) najbolje javno preduze\u0107e u Srbiji, kada je re\u010d o primenjenim principima korporativnog upravljanja i principima finansijskog upravljanja i kontrole.<\/p>\n<p>Sada imamo situaciju da mesecima traje kontrola inspektora za privredni kriminal Policijske stanice u Para\u0107inu, povremeno poja\u010danih i stru\u010dnjacima iz Jagodine.<\/p>\n<p>Sve ovo navodi, a posebno u slu\u010daju ove poslednje kontrole od strane postupaju\u0107ih inspektora PS Para\u0107in, koja jo\u0161 uvek traje, koja je u jednom momentu bila opservirana bez primedaba, a onda po ne\u010dijem nalogu ponovo nastavljena, na zaklju\u010dak da se ne radi o redovnoj i uobi\u010dajenoj kontroli, kakvih je ranijih godina bilo u vi\u0161e navrata i sa kojima nikada nismo niti \u0107emo imati bilo kakvu vrstu problema.<\/p>\n<p>Upravo to \u0161to se ovde ne radi o redovnoj i uobi\u010dajenoj kontroli jeste razlog mog dana\u0161njeg obra\u0107anja javnosti !<\/p>\n<p>U para\u0107inskoj javnosti, na razli\u010ditim javnim mestima, sve \u010de\u0161\u0107e se \u010duje, a dobornamerna upozorenja sve \u010de\u0161\u0107e dobijam od mojih prijatelja, da postupaju\u0107i inspektori moraju ne\u0161to da prona\u0111u, bilo \u0161ta \u0161to bi se moglo okarakterisati kao krivi\u010dno delo, kao zloupotreba slu\u017ebenog polo\u017eaja, ne stvarnog krivi\u010dnog dela, koga nema, pa ga shodno tome nije ni mogu\u0107e utvrditi, ve\u0107 bilo kakav formalni (tehni\u010dki) propust koji bi bio iskori\u0161\u0107en kao formalni povod (konstruisan povod) za privi\u0111enje i pritvor mene kao direktora javnog preduze\u0107a.<\/p>\n<p>Zbog toga ja di\u017eem glas, ne samo zbog mene li\u010dno, ve\u0107 i zbog sveukupnog poslovanja preduze\u0107a i zbog gra\u0111ana u \u010dijem najboljem interesu godinama unazad radimo, jer smatram da kao gra\u0111anin imam pravo da se branim na Sudu. Od toga niti jednog momenta ne be\u017eim, ne tra\u017eim bilo kakvu vrstu izgovora. Ukoliko postupaju\u0107i inspektori smatraju da postoji bilo kakva vrsta nepravilnosti u poslovanju, neka sa tim iza\u0111u pred nadle\u017enim javnim tu\u017eiocem, neka pokrenu redovan postupak i proceduru i ja \u0107u svoju nevinost odnosno zakonito i pravilno postupanje u radu JKP-a Para\u0107in, dokazati na Sudu, na \u0161ta po Ustavu i Zakonima ove dr\u017eave imam pravo.<\/p>\n<p>Ono na \u0161ta nisam spreman jeste da budem privo\u0111en kao zamor\u010de u raznorazna odeljenja za mu\u010denje i iznu\u0111ivanje priznanja, koja bi potom bila kori\u0161\u0107ena u marketin\u0161ke i lokalno politi\u010dke svrhe.<\/p>\n<p>Sve ovo, \u0161to je veoma simptomati\u010dno i navodi na zdravorazumsku sumnju, de\u0161ava se nakon pisanja odnosno najava pojedinih kontrolisanih portala, aktivista OO SNS Para\u0107in, konobara, botova itd., da \u0107e direktor JKP Para\u0107in biti priveden. Pa shodno tome, imam vi\u0161e nego opravdane sumnje da je upravo to i cilj, privesti mene kao direktora jednog javnog preduze\u0107a u Para\u0107inu, iznuditi priznanje za delo koje ne postoji, uru\u0161iti integritet jednog \u010doveka i njegove porodice, sve to provu\u0107i krozu medije i portale kontrolisane od strane lokalnog SNS, \u010dime se posti\u017ee politi\u010dki cilj lokalnog para\u0107inskog SNS povereni\u0161tva.<\/p>\n<p>&nbsp;<\/p>\n<p>Sve ovo navodi na sumnje da su ativnosti lokalnog OO SNS povereni\u0161tva usmerene upravo na postizanje jednog ovakvog cilja i da u tu svrhu koriste sve mogu\u0107e vrste pritisaka !<\/p>\n<p>Iz svega ovoga se name\u0107e vi\u0161e nego o\u010digledno pitanje, \u0160TA JE SLEDE\u0106E ?<\/p>\n<p>Ono \u0161to bi svi akteri ovih pomenutih doga\u0111aja, o kojima bruji para\u0107inska javnost, trebalo da znaju, da sve takve i sli\u010dne aktivnosti predstavljaju svojevrsna krivni\u010dna dela i da je rok zastarelosti za takva krivi\u010dna dela 16 godina, odnosno da zastarevaju negde oko 2035. godine !<\/p>\n<p>Da li se na ovakav na\u010din, pristiscima preko policije i tu\u017eila\u0161tva, zarad ostvarivanja ne\u010dijih privatnih strana\u010dkih interesa, stvaraju uslovi za normalne, fer i demokratske izbore ?<\/p>\n<p>\u017delim da verujem da Predsednik dr\u017eave i vrh SNS-a o svemu ovome \u0161to se de\u0161ava u Para\u0107inu neznaju ni\u0161ta. Verujem da je tako, jer mi to daje naznaku da ipak ima bar neke nade, jer upravo ovakva de\u0161avanja ostavljaju Srbiju praznom. Zbog ovakvih de\u0161avanja, mladi ljudi koji treba da stvaraju, da grade porodice, ra\u0111aju decu, da budu nosioci dru\u0161tva, da vuku napred, odlaze iz Para\u0107ina i iz Srbije, idu linijom manjeg otpora, ne \u017eele da se bore sa vetrenja\u010dama. Rezultat ovakvih doga\u0111aja je negativna selekcija i to da Srbija godi\u0161nje ostaje bez jedne cele op\u0161tine Para\u0107in!, stoji u obra\u0107anju \u017divkovi\u0107a.<\/p>\n","protected":false},"excerpt":{"rendered":"<p>PARA\u0106IN- Povodom pritisaka, koji traju godinu i po dana, i \u010dar\u0161ijskih pri\u010da o hap\u0161enju danas je direktor JKP Para\u0107in Danijel \u017divkovi\u0107 odr\u017eao konferenciju za novinare. &hellip; <\/p>\n","protected":false},"author":2,"featured_media":20651,"comment_status":"open","ping_status":"open","sticky":false,"template":"","format":"standard","meta":{"footnotes":""},"categories":[1524,2,1516,13,887,12],"tags":[4112,4113],"_links":{"self":[{"href":"https:\/\/centralmedia.rs\/index.php\/wp-json\/wp\/v2\/posts\/20650"}],"collection":[{"href":"https:\/\/centralmedia.rs\/index.php\/wp-json\/wp\/v2\/posts"}],"about":[{"href":"https:\/\/centralmedia.rs\/index.php\/wp-json\/wp\/v2\/types\/post"}],"author":[{"embeddable":true,"href":"https:\/\/centralmedia.rs\/index.php\/wp-json\/wp\/v2\/users\/2"}],"replies":[{"embeddable":true,"href":"https:\/\/centralmedia.rs\/index.php\/wp-json\/wp\/v2\/comments?post=20650"}],"version-history":[{"count":1,"href":"https:\/\/centralmedia.rs\/index.php\/wp-json\/wp\/v2\/posts\/20650\/revisions"}],"predecessor-version":[{"id":20656,"href":"https:\/\/centralmedia.rs\/index.php\/wp-json\/wp\/v2\/posts\/20650\/revisions\/20656"}],"wp:featuredmedia":[{"embeddable":true,"href":"https:\/\/centralmedia.rs\/index.php\/wp-json\/wp\/v2\/media\/20651"}],"wp:attachment":[{"href":"https:\/\/centralmedia.rs\/index.php\/wp-json\/wp\/v2\/media?parent=20650"}],"wp:term":[{"taxonomy":"category","embeddable":true,"href":"https:\/\/centralmedia.rs\/index.php\/wp-json\/wp\/v2\/categories?post=20650"},{"taxonomy":"post_tag","embeddable":true,"href":"https:\/\/centralmedia.rs\/index.php\/wp-json\/wp\/v2\/tags?post=20650"}],"curies":[{"name":"wp","href":"https:\/\/api.w.org\/{rel}","templated":true}]}}