{"id":20686,"date":"2019-10-11T11:44:05","date_gmt":"2019-10-11T11:44:05","guid":{"rendered":"http:\/\/centralmedia.rs\/?p=20686"},"modified":"2019-10-14T13:18:08","modified_gmt":"2019-10-14T13:18:08","slug":"verski-analiticar-i-teolog-milos-stojkovic-velika-je-sramota-sto-srpski-mediji-objavljuju-lazi-i-montaze-o-vladiki-pahomiju","status":"publish","type":"post","link":"https:\/\/centralmedia.rs\/index.php\/2019\/10\/11\/verski-analiticar-i-teolog-milos-stojkovic-velika-je-sramota-sto-srpski-mediji-objavljuju-lazi-i-montaze-o-vladiki-pahomiju\/","title":{"rendered":"VERSKI ANALITI\u010cAR I TEOLOG MILO\u0160 STOJKOVI\u0106 &#8211; ,,VELIKA JE SRAMOTA \u0160TO SRPSKI MEDIJI OBJAVLJUJU \u0160IPTARSKE LA\u017dI I MONTA\u017dE O VLADIKI PAHOMIJU&#8221;"},"content":{"rendered":"<p>JAGODINA- Verski analiti\u010dar i teolog Milo\u0161 Stojkovi\u0107 izjavio je danas da je velika sramota \u0161to pojedini srpski mediji objavljuju la\u017ei i monta\u017ee o vladiki Vranjskom Pahomiju, koje finansiraju \u0161iptarski lobiji.<\/p>\n<p>&#8211; Ovo je jo\u0161 jedna u nizu name\u0161taljki ne samo protiv episkipa Pahomija, ve\u0107 i Eparhije Vranjske i \u010ditavog ssrpskog naroda na jugu Srbije. Fotografije koje su objavljene kao prepiska episkopa skinute su sa dva sajta pornografskog karaktera. Tako\u0111e, kopije takozvane prepiske sa telefona vidi se broj telefona sa kog je prepiska poslata, a ovde se ne vidi nikakav broj telefona u mediju koji je objavio. Sa druge strane, \u0161iptarski lobisti, du\u0161mani SPC i Eparhije Vranjske, zaboravili su jednu veoma bitnu stvar a to je da svi episkopi SPC koriste \u0107irilicu kao pismo za komunikaciju. Objavljena je latinica, obja\u0161njava Stojkovi\u0107.<\/p>\n<p>Nepoznata lica iskoristila su priliku kada je episkop izgubio telefon i objavila la\u017enu i montiranu pri\u010du.<\/p>\n<p>-Neka slu\u017ei na \u010dast\u00a0 jednom listu\u00a0 da pada na izmi\u0161ljotine, la\u017ei i monta\u017ee, pla\u0107enika koji rade protiv Eprhije Vranjske i dr\u017eave Srbije. Bez eparhije nema ni dr\u017eave na jugu Srbije. To je stra\u0161no, isti\u010de Stojkovi\u0107 i poziva vladiku Pahomnija da nastavi sa borbom za Srbe na jugu i poru\u010duje ,,\u0161iptarskim pla\u0107enicima&#8221; da ne\u0107e pobediti borbu Eparhije Vranjske za ja\u010danje crkve, naroda i srpskih sredina na jugu.<\/p>\n<p>Eparhija Vranjska je zatra\u017eila od dr\u017eavnih institucija da se utvrdi identi\u010dnost fotografija i najavila podno\u0161enje tu\u017ebi zbog objavljivanja la\u017ei i montiranih fotografija. \u0160to vi\u0161e napadaju Eparhiju Vranjsku zna\u010di da smo na pravom putu i da smeta ja\u010dina eparhije na jugu Srbije. Njihovo je da rade njihove ne\u010dasne stvari, a na\u0161e da branimo pravoslavlje i srpstvo na jugu, zaklju\u010duje Stojkovi\u0107.<\/p>\n<p><img loading=\"lazy\" decoding=\"async\" class=\"alignnone wp-image-20689 size-full\" src=\"http:\/\/centralmedia.rs\/wp-content\/uploads\/2019\/10\/viber_slika_2019-10-11_13-14-24.jpg\" alt=\"\" width=\"905\" height=\"1280\" srcset=\"https:\/\/centralmedia.rs\/wp-content\/uploads\/2019\/10\/viber_slika_2019-10-11_13-14-24.jpg 905w, https:\/\/centralmedia.rs\/wp-content\/uploads\/2019\/10\/viber_slika_2019-10-11_13-14-24-212x300.jpg 212w, https:\/\/centralmedia.rs\/wp-content\/uploads\/2019\/10\/viber_slika_2019-10-11_13-14-24-768x1086.jpg 768w, https:\/\/centralmedia.rs\/wp-content\/uploads\/2019\/10\/viber_slika_2019-10-11_13-14-24-724x1024.jpg 724w, https:\/\/centralmedia.rs\/wp-content\/uploads\/2019\/10\/viber_slika_2019-10-11_13-14-24-297x420.jpg 297w, https:\/\/centralmedia.rs\/wp-content\/uploads\/2019\/10\/viber_slika_2019-10-11_13-14-24-640x905.jpg 640w, https:\/\/centralmedia.rs\/wp-content\/uploads\/2019\/10\/viber_slika_2019-10-11_13-14-24-681x963.jpg 681w\" sizes=\"(max-width: 905px) 100vw, 905px\" \/><\/p>\n","protected":false},"excerpt":{"rendered":"<p>JAGODINA- Verski analiti\u010dar i teolog Milo\u0161 Stojkovi\u0107 izjavio je danas da je velika sramota \u0161to pojedini srpski mediji objavljuju la\u017ei i monta\u017ee o vladiki Vranjskom &hellip; <\/p>\n","protected":false},"author":2,"featured_media":15650,"comment_status":"open","ping_status":"open","sticky":false,"template":"","format":"standard","meta":{"footnotes":""},"categories":[14,1524,2,1514,12],"tags":[4115,4116],"_links":{"self":[{"href":"https:\/\/centralmedia.rs\/index.php\/wp-json\/wp\/v2\/posts\/20686"}],"collection":[{"href":"https:\/\/centralmedia.rs\/index.php\/wp-json\/wp\/v2\/posts"}],"about":[{"href":"https:\/\/centralmedia.rs\/index.php\/wp-json\/wp\/v2\/types\/post"}],"author":[{"embeddable":true,"href":"https:\/\/centralmedia.rs\/index.php\/wp-json\/wp\/v2\/users\/2"}],"replies":[{"embeddable":true,"href":"https:\/\/centralmedia.rs\/index.php\/wp-json\/wp\/v2\/comments?post=20686"}],"version-history":[{"count":3,"href":"https:\/\/centralmedia.rs\/index.php\/wp-json\/wp\/v2\/posts\/20686\/revisions"}],"predecessor-version":[{"id":20690,"href":"https:\/\/centralmedia.rs\/index.php\/wp-json\/wp\/v2\/posts\/20686\/revisions\/20690"}],"wp:featuredmedia":[{"embeddable":true,"href":"https:\/\/centralmedia.rs\/index.php\/wp-json\/wp\/v2\/media\/15650"}],"wp:attachment":[{"href":"https:\/\/centralmedia.rs\/index.php\/wp-json\/wp\/v2\/media?parent=20686"}],"wp:term":[{"taxonomy":"category","embeddable":true,"href":"https:\/\/centralmedia.rs\/index.php\/wp-json\/wp\/v2\/categories?post=20686"},{"taxonomy":"post_tag","embeddable":true,"href":"https:\/\/centralmedia.rs\/index.php\/wp-json\/wp\/v2\/tags?post=20686"}],"curies":[{"name":"wp","href":"https:\/\/api.w.org\/{rel}","templated":true}]}}