{"id":20709,"date":"2019-10-13T06:28:40","date_gmt":"2019-10-13T06:28:40","guid":{"rendered":"http:\/\/centralmedia.rs\/?p=20709"},"modified":"2019-10-13T06:28:40","modified_gmt":"2019-10-13T06:28:40","slug":"otvorena-izlozba-slika-save-sumanovica-u-cupriji","status":"publish","type":"post","link":"https:\/\/centralmedia.rs\/index.php\/2019\/10\/13\/otvorena-izlozba-slika-save-sumanovica-u-cupriji\/","title":{"rendered":"OTVORENA IZLO\u017dBA SLIKA SAVE \u0160UMANOVI\u0106A U \u0106UPRIJI"},"content":{"rendered":"<p>\u0106UPRIJA- U Muzeju \u201eHoreum Margi Ravno\u201d u \u0106upriji otvorena je izlo\u017eba slika Save \u0160umanovi\u0107a\u201e\u0160idski pejza\u017e Save \u0160umanovi\u0107a\u201d. Prestavljena su 22 pejza\u017ea \u0160umanovi\u0107a od 137 koliko je u kolekciji Galerije u \u0160idu, nastalih izme\u0111u 1932. i 1942. godine. Izlo\u017eba \u0107e biti otvorena do 27.oktobra.<\/p>\n<div id='gallery-1' class='gallery galleryid-20709 gallery-columns-7 gallery-size-thumbnail'><figure class='gallery-item'>\n\t\t\t<div class='gallery-icon portrait'>\n\t\t\t\t<a href='https:\/\/centralmedia.rs\/index.php\/2019\/10\/13\/otvorena-izlozba-slika-save-sumanovica-u-cupriji\/sava1\/'><img loading=\"lazy\" decoding=\"async\" width=\"150\" height=\"150\" src=\"https:\/\/centralmedia.rs\/wp-content\/uploads\/2019\/10\/sava1-150x150.jpg\" class=\"attachment-thumbnail size-thumbnail\" alt=\"\" \/><\/a>\n\t\t\t<\/div><\/figure><figure class='gallery-item'>\n\t\t\t<div class='gallery-icon landscape'>\n\t\t\t\t<a href='https:\/\/centralmedia.rs\/index.php\/2019\/10\/13\/otvorena-izlozba-slika-save-sumanovica-u-cupriji\/sava2\/'><img loading=\"lazy\" decoding=\"async\" width=\"150\" height=\"150\" src=\"https:\/\/centralmedia.rs\/wp-content\/uploads\/2019\/10\/sava2-150x150.jpg\" class=\"attachment-thumbnail size-thumbnail\" alt=\"\" \/><\/a>\n\t\t\t<\/div><\/figure><figure class='gallery-item'>\n\t\t\t<div class='gallery-icon landscape'>\n\t\t\t\t<a href='https:\/\/centralmedia.rs\/index.php\/2019\/10\/13\/otvorena-izlozba-slika-save-sumanovica-u-cupriji\/sava3\/'><img loading=\"lazy\" decoding=\"async\" width=\"150\" height=\"150\" src=\"https:\/\/centralmedia.rs\/wp-content\/uploads\/2019\/10\/sava3-150x150.jpg\" class=\"attachment-thumbnail size-thumbnail\" alt=\"\" \/><\/a>\n\t\t\t<\/div><\/figure><figure class='gallery-item'>\n\t\t\t<div class='gallery-icon landscape'>\n\t\t\t\t<a href='https:\/\/centralmedia.rs\/index.php\/2019\/10\/13\/otvorena-izlozba-slika-save-sumanovica-u-cupriji\/sava4\/'><img loading=\"lazy\" decoding=\"async\" width=\"150\" height=\"150\" src=\"https:\/\/centralmedia.rs\/wp-content\/uploads\/2019\/10\/sava4-150x150.jpg\" class=\"attachment-thumbnail size-thumbnail\" alt=\"\" \/><\/a>\n\t\t\t<\/div><\/figure><figure class='gallery-item'>\n\t\t\t<div class='gallery-icon landscape'>\n\t\t\t\t<a href='https:\/\/centralmedia.rs\/index.php\/2019\/10\/13\/otvorena-izlozba-slika-save-sumanovica-u-cupriji\/sava5\/'><img loading=\"lazy\" decoding=\"async\" width=\"150\" height=\"150\" src=\"https:\/\/centralmedia.rs\/wp-content\/uploads\/2019\/10\/sava5-150x150.jpg\" class=\"attachment-thumbnail size-thumbnail\" alt=\"\" \/><\/a>\n\t\t\t<\/div><\/figure><figure class='gallery-item'>\n\t\t\t<div class='gallery-icon portrait'>\n\t\t\t\t<a href='https:\/\/centralmedia.rs\/index.php\/2019\/10\/13\/otvorena-izlozba-slika-save-sumanovica-u-cupriji\/sava6\/'><img loading=\"lazy\" decoding=\"async\" width=\"150\" height=\"150\" src=\"https:\/\/centralmedia.rs\/wp-content\/uploads\/2019\/10\/sava6-150x150.jpg\" class=\"attachment-thumbnail size-thumbnail\" alt=\"\" \/><\/a>\n\t\t\t<\/div><\/figure><figure class='gallery-item'>\n\t\t\t<div class='gallery-icon landscape'>\n\t\t\t\t<a href='https:\/\/centralmedia.rs\/index.php\/2019\/10\/13\/otvorena-izlozba-slika-save-sumanovica-u-cupriji\/sava7\/'><img loading=\"lazy\" decoding=\"async\" width=\"150\" height=\"150\" src=\"https:\/\/centralmedia.rs\/wp-content\/uploads\/2019\/10\/sava7-150x150.jpg\" class=\"attachment-thumbnail size-thumbnail\" alt=\"\" \/><\/a>\n\t\t\t<\/div><\/figure>\n\t\t<\/div>\n\n<p>Re\u010d je o petoj izlo\u017ebi u okviru koncepta \u201eIzlo\u017ebe slika velikana srpske umetni\u010dke scene 20. veka\u201d u tom muzeju, a predhodno su bila izlagana dlea Uro\u0161a Predi\u0107a, Nade\u017ede Petrovi\u0107, Barili&#8230;..<\/p>\n<p>Galerija Muzeja bila je mala da primi veliki broj ljubitelja likovne umetnosti iz ovog dela Srbije, gde se umetni\u010dka dela \u0160umanovi\u0107a prvi put izla\u017eu. Izlo\u017ebu su proglasili otvorenom direktorka Galerije slika \u201eSava \u0160umanovi\u0107\u201d iz \u0160ida Vesna Burojevi\u0107, koja je i autor izlo\u017ebe, i direktore \u0107uprijskog Muzeja Novak Novakovi\u0107.<\/p>\n<p>&#8211; Sa u\u017eivanjem gledamo i pratimo kako publika po\u0161tuje Savu \u0160umanovi\u0107a. Samo vrhunski umetnici i vrhunska umetni\u010dka dela mogu da prona\u0111u put do svakog srca i svakog oka. Ve\u010dera\u0161nja pose\u0107enost je dokaz tome i gde god smo gostovali bio je rekordni broj poseta, zapa\u017eanja, izjava&#8230; Poslednjih nekoliko godina imamo strategiju, imamo nekoliko izlo\u017ebi sa kojima gostujemo u galerijama koje ispune sve na\u0161e uslove, kazala je Vesna Burojevi\u0107.<\/p>\n<p>Direktor Muzeja \u201eHoreum Margi Ravno\u201d je istakao da je ovo jedini koncept u Pomoravlju koji uspeva u da kontinuitetu odr\u017ei pa\u017enju publike, a pre svega edukacije najmla\u0111ih.<\/p>\n<p>&#8211; \u0160umanovi\u0107 je jedan od najzna\u010dajnijih srpskih umetnika, mo\u017eemo re\u0107i da je jedan od najboljih srpskih umetnika, ali svakako re\u010d je o umetniku \u010dije ime najpozantije \u0161iroj publici. Zbog toga interesovanje publike proizilazi iz te \u010dinjenice. Ovo je jedina prilika da se publika upozna sa umetnikom i njegovim dostignu\u0107ima, rekao je Novakovi\u0107.<\/p>\n<p>Izlo\u017eba je prire\u0111ena povodom Dana op\u0161tine \u0106uprija.<\/p>\n","protected":false},"excerpt":{"rendered":"<p>\u0106UPRIJA- U Muzeju \u201eHoreum Margi Ravno\u201d u \u0106upriji otvorena je izlo\u017eba slika Save \u0160umanovi\u0107a\u201e\u0160idski pejza\u017e Save \u0160umanovi\u0107a\u201d. Prestavljena su 22 pejza\u017ea \u0160umanovi\u0107a od 137 koliko &hellip; <\/p>\n","protected":false},"author":2,"featured_media":20710,"comment_status":"open","ping_status":"open","sticky":false,"template":"","format":"standard","meta":{"footnotes":""},"categories":[1515,1524,2,15,887,12],"tags":[44,974,4121],"_links":{"self":[{"href":"https:\/\/centralmedia.rs\/index.php\/wp-json\/wp\/v2\/posts\/20709"}],"collection":[{"href":"https:\/\/centralmedia.rs\/index.php\/wp-json\/wp\/v2\/posts"}],"about":[{"href":"https:\/\/centralmedia.rs\/index.php\/wp-json\/wp\/v2\/types\/post"}],"author":[{"embeddable":true,"href":"https:\/\/centralmedia.rs\/index.php\/wp-json\/wp\/v2\/users\/2"}],"replies":[{"embeddable":true,"href":"https:\/\/centralmedia.rs\/index.php\/wp-json\/wp\/v2\/comments?post=20709"}],"version-history":[{"count":1,"href":"https:\/\/centralmedia.rs\/index.php\/wp-json\/wp\/v2\/posts\/20709\/revisions"}],"predecessor-version":[{"id":20718,"href":"https:\/\/centralmedia.rs\/index.php\/wp-json\/wp\/v2\/posts\/20709\/revisions\/20718"}],"wp:featuredmedia":[{"embeddable":true,"href":"https:\/\/centralmedia.rs\/index.php\/wp-json\/wp\/v2\/media\/20710"}],"wp:attachment":[{"href":"https:\/\/centralmedia.rs\/index.php\/wp-json\/wp\/v2\/media?parent=20709"}],"wp:term":[{"taxonomy":"category","embeddable":true,"href":"https:\/\/centralmedia.rs\/index.php\/wp-json\/wp\/v2\/categories?post=20709"},{"taxonomy":"post_tag","embeddable":true,"href":"https:\/\/centralmedia.rs\/index.php\/wp-json\/wp\/v2\/tags?post=20709"}],"curies":[{"name":"wp","href":"https:\/\/api.w.org\/{rel}","templated":true}]}}