{"id":20787,"date":"2019-10-16T22:24:44","date_gmt":"2019-10-16T22:24:44","guid":{"rendered":"http:\/\/centralmedia.rs\/?p=20787"},"modified":"2019-10-17T17:52:19","modified_gmt":"2019-10-17T17:52:19","slug":"posle-75-godina-cutanja-spomenik-zrtvama-zlocina-u-slobodi-1944-1946","status":"publish","type":"post","link":"https:\/\/centralmedia.rs\/index.php\/2019\/10\/16\/posle-75-godina-cutanja-spomenik-zrtvama-zlocina-u-slobodi-1944-1946\/","title":{"rendered":"POSLE 75. GODINA \u0106UTANJA &#8211; SPOMENIK \u017dRTVAMA ZLO\u010cINA U ,,SLOBODI&#8221; 1944\/1946."},"content":{"rendered":"<p>JAGODINA- Posle 75. godina \u0107utanja o tajnim grobnicama, 17. oktobra u 16 sati u okolini crkve Svetog pokrova Bogorodice u naselju Streli\u0161te u Jagodini, gde se nalazi jedna od najve\u0107ih grobnica, bi\u0107e otkriven spomenik nevinim \u017etvama teorora 1944\/1946. u tom gradu. Prema nepotvr\u0111enim podacima, u Jagodini je ,,divlja&#8221; pravda ili revolucionarni zlo\u010dini odnela nekoliko hiljada nevinih \u017eivota bez su\u0111enja ili prava na odbranu. Tada\u0161nji oficiri OZNE i KNOJ su se ,,takmi\u010dili&#8221; ko \u0107e vi\u0161e da ubije svojih sugra\u0111ana, dokazuju\u0107i na taj na\u010din vernost partiji i najve\u0107im sinovima na\u0161ih naroda i narodnosti Krcunu, Rankovi\u0107u i Titu. Spomenik je podigao Du\u0161an Markovi\u0107 sa svojom porodicom i prijateljima.<\/p>\n<p>Organizatori saop\u0161tavaju da se otkrivanje spomenika odla\u017ee za nekoliko dana, zbog re\u0161avanja pravih pitanja.<\/p>\n<div id='gallery-1' class='gallery galleryid-20787 gallery-columns-3 gallery-size-thumbnail'><figure class='gallery-item'>\n\t\t\t<div class='gallery-icon portrait'>\n\t\t\t\t<a href='https:\/\/centralmedia.rs\/index.php\/2019\/10\/16\/posle-75-godina-cutanja-spomenik-zrtvama-zlocina-u-slobodi-1944-1946\/spomenik-2-2\/'><img loading=\"lazy\" decoding=\"async\" width=\"150\" height=\"150\" src=\"https:\/\/centralmedia.rs\/wp-content\/uploads\/2019\/10\/spomenik-2-150x150.jpg\" class=\"attachment-thumbnail size-thumbnail\" alt=\"\" \/><\/a>\n\t\t\t<\/div><\/figure><figure class='gallery-item'>\n\t\t\t<div class='gallery-icon portrait'>\n\t\t\t\t<a href='https:\/\/centralmedia.rs\/index.php\/2019\/10\/16\/posle-75-godina-cutanja-spomenik-zrtvama-zlocina-u-slobodi-1944-1946\/spomenik-3-2\/'><img loading=\"lazy\" decoding=\"async\" width=\"150\" height=\"150\" src=\"https:\/\/centralmedia.rs\/wp-content\/uploads\/2019\/10\/spomenik-3-150x150.jpg\" class=\"attachment-thumbnail size-thumbnail\" alt=\"\" \/><\/a>\n\t\t\t<\/div><\/figure><figure class='gallery-item'>\n\t\t\t<div class='gallery-icon portrait'>\n\t\t\t\t<a href='https:\/\/centralmedia.rs\/index.php\/2019\/10\/16\/posle-75-godina-cutanja-spomenik-zrtvama-zlocina-u-slobodi-1944-1946\/spomenik1-2\/'><img loading=\"lazy\" decoding=\"async\" width=\"150\" height=\"150\" src=\"https:\/\/centralmedia.rs\/wp-content\/uploads\/2019\/10\/spomenik1-150x150.jpg\" class=\"attachment-thumbnail size-thumbnail\" alt=\"\" \/><\/a>\n\t\t\t<\/div><\/figure>\n\t\t<\/div>\n\n","protected":false},"excerpt":{"rendered":"<p>JAGODINA- Posle 75. godina \u0107utanja o tajnim grobnicama, 17. oktobra u 16 sati u okolini crkve Svetog pokrova Bogorodice u naselju Streli\u0161te u Jagodini, gde &hellip; <\/p>\n","protected":false},"author":2,"featured_media":20789,"comment_status":"open","ping_status":"open","sticky":false,"template":"","format":"standard","meta":{"footnotes":""},"categories":[14,1524,2,1514,12],"tags":[58,4130,4129],"_links":{"self":[{"href":"https:\/\/centralmedia.rs\/index.php\/wp-json\/wp\/v2\/posts\/20787"}],"collection":[{"href":"https:\/\/centralmedia.rs\/index.php\/wp-json\/wp\/v2\/posts"}],"about":[{"href":"https:\/\/centralmedia.rs\/index.php\/wp-json\/wp\/v2\/types\/post"}],"author":[{"embeddable":true,"href":"https:\/\/centralmedia.rs\/index.php\/wp-json\/wp\/v2\/users\/2"}],"replies":[{"embeddable":true,"href":"https:\/\/centralmedia.rs\/index.php\/wp-json\/wp\/v2\/comments?post=20787"}],"version-history":[{"count":2,"href":"https:\/\/centralmedia.rs\/index.php\/wp-json\/wp\/v2\/posts\/20787\/revisions"}],"predecessor-version":[{"id":20800,"href":"https:\/\/centralmedia.rs\/index.php\/wp-json\/wp\/v2\/posts\/20787\/revisions\/20800"}],"wp:featuredmedia":[{"embeddable":true,"href":"https:\/\/centralmedia.rs\/index.php\/wp-json\/wp\/v2\/media\/20789"}],"wp:attachment":[{"href":"https:\/\/centralmedia.rs\/index.php\/wp-json\/wp\/v2\/media?parent=20787"}],"wp:term":[{"taxonomy":"category","embeddable":true,"href":"https:\/\/centralmedia.rs\/index.php\/wp-json\/wp\/v2\/categories?post=20787"},{"taxonomy":"post_tag","embeddable":true,"href":"https:\/\/centralmedia.rs\/index.php\/wp-json\/wp\/v2\/tags?post=20787"}],"curies":[{"name":"wp","href":"https:\/\/api.w.org\/{rel}","templated":true}]}}