{"id":20801,"date":"2019-10-17T16:58:01","date_gmt":"2019-10-17T16:58:01","guid":{"rendered":"http:\/\/centralmedia.rs\/?p=20801"},"modified":"2019-10-22T19:48:35","modified_gmt":"2019-10-22T19:48:35","slug":"rekovac-obelezio-75-godina-u-slobodi-sledece-godine-650-radnih-mesta-u-industrijskoj-zoni","status":"publish","type":"post","link":"https:\/\/centralmedia.rs\/index.php\/2019\/10\/17\/rekovac-obelezio-75-godina-u-slobodi-sledece-godine-650-radnih-mesta-u-industrijskoj-zoni\/","title":{"rendered":"REKOVAC OBELE\u017dIO 75. GODINA U SLOBODI &#8211; SLEDE\u0106E GODINE 650 RADNIH MESTA U INDUSTRIJSKOJ ZONI (FOTO)"},"content":{"rendered":"<p>REKOVAC- Povodom 75. godina od oslobo\u0111enja u drugom svetskom ratu u Rekovcu je odr\u017eana sve\u010da sednica SO na kojoj su dodeljen Plakete general potukovniku u penziji Miodagu Pani\u0107u, paraolimpijcu Draganu Risti\u0107u najboljem strelcu na Svetskom prvenstvu u Melburnu i Zoranu Vulovi\u0107u konkuzulu Belorusije u Srbiji i vlasniku preduze\u0107a Vulovi\u0107 group. Diplome i zahvalnice dodeljene su uspe\u0161nim Lev\u010danima, u\u010denicima i sportistima.<\/p>\n<p>-Trudili smo se da budemo u slu\u017ebi gra\u0111ana. Asfaltirali smo puteve, gradili terene za decu, u toku je rekonstrukcija Doma za kulturu, u planu je bioskop, o\u010dekuje nas izgradnja novog mosta u Rekovcu, izgradnja kanalizacije od Rekovca do Lo\u0107ike i rekonstrukcija vodovodne mre\u017ee, rekao je predsednik te op\u0161tine dr Aleksandsar \u0110or\u0111evi\u0107 i dodao da je trenutno bez posla 1.300 lica.<\/p>\n<p>-O\u010dekujemo veliki broj radnih mesta u bi\u0161em pogonu Fabrike kablova koji je prodat. Siguran sam da vrlo brzo broj nezaposlenih biti ispod 1.000. O\u010dekujemo velikog investitora i veliki broj novih radnih mesta. Dr\u017eva \u0107e pomo\u0107i taj projekat, naglasio je on.<\/p>\n<div id='gallery-1' class='gallery galleryid-20801 gallery-columns-7 gallery-size-thumbnail'><figure class='gallery-item'>\n\t\t\t<div class='gallery-icon portrait'>\n\t\t\t\t<a href='https:\/\/centralmedia.rs\/index.php\/2019\/10\/17\/rekovac-obelezio-75-godina-u-slobodi-sledece-godine-650-radnih-mesta-u-industrijskoj-zoni\/dan-opstine-5-2\/'><img loading=\"lazy\" decoding=\"async\" width=\"150\" height=\"150\" src=\"https:\/\/centralmedia.rs\/wp-content\/uploads\/2019\/10\/dan-opstine-5-150x150.jpg\" class=\"attachment-thumbnail size-thumbnail\" alt=\"\" \/><\/a>\n\t\t\t<\/div><\/figure><figure class='gallery-item'>\n\t\t\t<div class='gallery-icon landscape'>\n\t\t\t\t<a href='https:\/\/centralmedia.rs\/index.php\/2019\/10\/17\/rekovac-obelezio-75-godina-u-slobodi-sledece-godine-650-radnih-mesta-u-industrijskoj-zoni\/dan-opstine-6\/'><img loading=\"lazy\" decoding=\"async\" width=\"150\" height=\"150\" src=\"https:\/\/centralmedia.rs\/wp-content\/uploads\/2019\/10\/dan-opstine-6-150x150.jpg\" class=\"attachment-thumbnail size-thumbnail\" alt=\"\" \/><\/a>\n\t\t\t<\/div><\/figure><figure class='gallery-item'>\n\t\t\t<div class='gallery-icon landscape'>\n\t\t\t\t<a href='https:\/\/centralmedia.rs\/index.php\/2019\/10\/17\/rekovac-obelezio-75-godina-u-slobodi-sledece-godine-650-radnih-mesta-u-industrijskoj-zoni\/dan-opstine-8\/'><img loading=\"lazy\" decoding=\"async\" width=\"150\" height=\"150\" src=\"https:\/\/centralmedia.rs\/wp-content\/uploads\/2019\/10\/dan-opstine-2-150x150.jpg\" class=\"attachment-thumbnail size-thumbnail\" alt=\"\" \/><\/a>\n\t\t\t<\/div><\/figure><figure class='gallery-item'>\n\t\t\t<div class='gallery-icon landscape'>\n\t\t\t\t<a href='https:\/\/centralmedia.rs\/index.php\/2019\/10\/17\/rekovac-obelezio-75-godina-u-slobodi-sledece-godine-650-radnih-mesta-u-industrijskoj-zoni\/dan-opstine1\/'><img loading=\"lazy\" decoding=\"async\" width=\"150\" height=\"150\" src=\"https:\/\/centralmedia.rs\/wp-content\/uploads\/2019\/10\/dan-opstine1-150x150.jpg\" class=\"attachment-thumbnail size-thumbnail\" alt=\"\" \/><\/a>\n\t\t\t<\/div><\/figure><figure class='gallery-item'>\n\t\t\t<div class='gallery-icon landscape'>\n\t\t\t\t<a href='https:\/\/centralmedia.rs\/index.php\/2019\/10\/17\/rekovac-obelezio-75-godina-u-slobodi-sledece-godine-650-radnih-mesta-u-industrijskoj-zoni\/dan-opstine2-2\/'><img loading=\"lazy\" decoding=\"async\" width=\"150\" height=\"150\" src=\"https:\/\/centralmedia.rs\/wp-content\/uploads\/2019\/10\/dan-opstine2-150x150.jpg\" class=\"attachment-thumbnail size-thumbnail\" alt=\"\" \/><\/a>\n\t\t\t<\/div><\/figure><figure class='gallery-item'>\n\t\t\t<div class='gallery-icon landscape'>\n\t\t\t\t<a href='https:\/\/centralmedia.rs\/index.php\/2019\/10\/17\/rekovac-obelezio-75-godina-u-slobodi-sledece-godine-650-radnih-mesta-u-industrijskoj-zoni\/dan-opstine3-2\/'><img loading=\"lazy\" decoding=\"async\" width=\"150\" height=\"150\" src=\"https:\/\/centralmedia.rs\/wp-content\/uploads\/2019\/10\/dan-opstine3-150x150.jpg\" class=\"attachment-thumbnail size-thumbnail\" alt=\"\" \/><\/a>\n\t\t\t<\/div><\/figure><figure class='gallery-item'>\n\t\t\t<div class='gallery-icon landscape'>\n\t\t\t\t<a href='https:\/\/centralmedia.rs\/index.php\/2019\/10\/17\/rekovac-obelezio-75-godina-u-slobodi-sledece-godine-650-radnih-mesta-u-industrijskoj-zoni\/dan-osptine-7\/'><img loading=\"lazy\" decoding=\"async\" width=\"150\" height=\"150\" src=\"https:\/\/centralmedia.rs\/wp-content\/uploads\/2019\/10\/dan-osptine-7-150x150.jpg\" class=\"attachment-thumbnail size-thumbnail\" alt=\"\" \/><\/a>\n\t\t\t<\/div><\/figure>\n\t\t<\/div>\n\n<p>Vulovi\u0107 je rekao da mu je \u00a0Plaketa najdra\u017ee priznanje jer je dobio od ljudi koje zna ceo \u017eivot.<\/p>\n<p>&#8211; Na ovaj na\u010din su me obavezali da za svoj kraj uradim jo\u0161 vi\u0161e uradim i poku\u0161a\u0107u da realizujem projekat Industrijske zone. Re\u010d je o 22 hektara, gde se pru\u017ea mogu\u0107nost za vi\u0161e sadr\u017eaja, odnosno hladnja\u010da, prerada vo\u0107a, su\u0161are i da sve to ima svu potrebnu infrastrukturu. Zona \u0107e biti ura\u0111ena do kraja godine i jedna je od rektih u Srbije koje su opremljene kompletnom infrastrukturom. Do juna slede\u0107e ima\u0107e investitora iz Nema\u010dke, jer su u toku pregovori, a re\u010d je o poslu za 650 radnika, istakao je Vulovi\u0107 i objasnio da je re\u010d o proizvodnji autokomponenti i ima dosta veze sa Volksvagenom.<\/p>\n<p>General Pani\u0107 je bio iznena\u0111en dodelom priznanja.<\/p>\n<p>&#8211; Plaketa \u0107e biti na posebnom mestu. Poma\u017eem koliko znam i mogu. Ratkovi\u0107 je prvi put dobija asfalt. Selo nije imalo ni metra asfalta. Predsednik je tu uradio dosta, pri\u010da general.<\/p>\n<p>Otac paraolimpijca Risti\u0107a rekao je da je on progla\u0161en za najboljeg strelca svetskog prvenstva u Melburnu, jer je osvojio dve zlatne i srebrnu medalju.<\/p>\n<p>&#8211; Mislim da je projekat vodosnabdevanja prilika za gra\u0111ane Lev\u010da da dobiju kvalitetno vodosnabdevanje. Zatim novi projekti kanalizacione mre\u017ee, obnove \u0161kola, ali efikasniji rad lokalnih slu\u017ebi, rekao je dr\u017eavni sekretar Bojan Stevi\u0107.<\/p>\n<p>&nbsp;<\/p>\n","protected":false},"excerpt":{"rendered":"<p>REKOVAC- Povodom 75. godina od oslobo\u0111enja u drugom svetskom ratu u Rekovcu je odr\u017eana sve\u010da sednica SO na kojoj su dodeljen Plakete general potukovniku u &hellip; <\/p>\n","protected":false},"author":2,"featured_media":20802,"comment_status":"open","ping_status":"open","sticky":false,"template":"","format":"standard","meta":{"footnotes":""},"categories":[1524,2,13,1519,12],"tags":[1324,441],"_links":{"self":[{"href":"https:\/\/centralmedia.rs\/index.php\/wp-json\/wp\/v2\/posts\/20801"}],"collection":[{"href":"https:\/\/centralmedia.rs\/index.php\/wp-json\/wp\/v2\/posts"}],"about":[{"href":"https:\/\/centralmedia.rs\/index.php\/wp-json\/wp\/v2\/types\/post"}],"author":[{"embeddable":true,"href":"https:\/\/centralmedia.rs\/index.php\/wp-json\/wp\/v2\/users\/2"}],"replies":[{"embeddable":true,"href":"https:\/\/centralmedia.rs\/index.php\/wp-json\/wp\/v2\/comments?post=20801"}],"version-history":[{"count":3,"href":"https:\/\/centralmedia.rs\/index.php\/wp-json\/wp\/v2\/posts\/20801\/revisions"}],"predecessor-version":[{"id":20813,"href":"https:\/\/centralmedia.rs\/index.php\/wp-json\/wp\/v2\/posts\/20801\/revisions\/20813"}],"wp:featuredmedia":[{"embeddable":true,"href":"https:\/\/centralmedia.rs\/index.php\/wp-json\/wp\/v2\/media\/20802"}],"wp:attachment":[{"href":"https:\/\/centralmedia.rs\/index.php\/wp-json\/wp\/v2\/media?parent=20801"}],"wp:term":[{"taxonomy":"category","embeddable":true,"href":"https:\/\/centralmedia.rs\/index.php\/wp-json\/wp\/v2\/categories?post=20801"},{"taxonomy":"post_tag","embeddable":true,"href":"https:\/\/centralmedia.rs\/index.php\/wp-json\/wp\/v2\/tags?post=20801"}],"curies":[{"name":"wp","href":"https:\/\/api.w.org\/{rel}","templated":true}]}}