{"id":20814,"date":"2019-10-18T14:15:07","date_gmt":"2019-10-18T14:15:07","guid":{"rendered":"http:\/\/centralmedia.rs\/?p=20814"},"modified":"2019-10-21T15:15:04","modified_gmt":"2019-10-21T15:15:04","slug":"obelezen-dan-skole-u-os-despot-stefan-visoki","status":"publish","type":"post","link":"https:\/\/centralmedia.rs\/index.php\/2019\/10\/18\/obelezen-dan-skole-u-os-despot-stefan-visoki\/","title":{"rendered":"Obele\u017een Dan \u0161kole u O\u0160 &#8220;Despot Stefan Visoki&#8221;"},"content":{"rendered":"<p>DESPOTOVAC &#8211; Dan \u0161kole u O\u0160 &#8220;Despot Stefan Visoki&#8221; u Despotovcu obele\u017een je prigodnim programom. Prisutnima se obratio direktor ove obrazovne ustanove Tomica Simi\u0107 rekav\u0161i da je Dan \u0161kole prilika da se prisetimo svih va\u017enih trenutaka koji su obele\u017eili prethodnih godinu dana.<\/p>\n<p><img loading=\"lazy\" decoding=\"async\" class=\"alignnone wp-image-20815 size-full\" src=\"http:\/\/centralmedia.rs\/wp-content\/uploads\/2019\/10\/osnvona-skola.jpg\" alt=\"\" width=\"720\" height=\"960\" srcset=\"https:\/\/centralmedia.rs\/wp-content\/uploads\/2019\/10\/osnvona-skola.jpg 720w, https:\/\/centralmedia.rs\/wp-content\/uploads\/2019\/10\/osnvona-skola-225x300.jpg 225w, https:\/\/centralmedia.rs\/wp-content\/uploads\/2019\/10\/osnvona-skola-315x420.jpg 315w, https:\/\/centralmedia.rs\/wp-content\/uploads\/2019\/10\/osnvona-skola-640x853.jpg 640w, https:\/\/centralmedia.rs\/wp-content\/uploads\/2019\/10\/osnvona-skola-681x908.jpg 681w\" sizes=\"(max-width: 720px) 100vw, 720px\" \/><\/p>\n<p>-Prise\u0107amo se tako svih na\u0161ih napora da odr\u017eimo kvalitet nastavnog kadra, da nastavu opremimo svim savremenim tehni\u010dkim sredstvima primerenim dana\u0161njem vremenu. U eri op\u0161te digitalizacije svih segmenata rada, ni jednog trenutka nismo zaboravili populaciju zbog koje postojimo, a to su na\u0161a deca. Nastojimo da podjednako negujemo vaspitni, pored nastavnog rada, ne zaboravljaju\u0107i da su deca najvrednija, ali i najtananija ljudska bi\u0107a, kojima je iznad svega potrebna na\u0161a prijateljska briga, rekao je on.<\/p>\n<p>Direktor je naveo da je \u0161kola me\u0111u prvima u Srbiji po\u010dela sa uvo\u0111enjem savremenih digitalnih tehnologija, te pohvalio nastavnike koji sa velikim uspehom u\u010destvuju u brojnim doma\u0107im i me\u0111unarodnim projektima. Ujedno, izrazio je zabrinutost zbog drasti\u010dnog pada ukupnog broja u\u010denika.<\/p>\n<p>-Pored svih ulo\u017eenih napora i rezultata koji su, slo\u017ei\u0107ete se, vidljivi i brojni, jedan segment koji posebno brine i opominje je pad nataliteta, emigracije, pa samim tim i manji broj u\u010denika u \u0161koli. U nadi da \u0107emo ipak opstati u svojoj otad\u017ebini, da su rad i znanje najvredniji zalog za budu\u0107nost, \u0161kola u Despotovcu nastavlja da radi u skladu sa svojom misijom, zaklju\u010dio je Simi\u0107.<\/p>\n","protected":false},"excerpt":{"rendered":"<p>DESPOTOVAC &#8211; Dan \u0161kole u O\u0160 &#8220;Despot Stefan Visoki&#8221; u Despotovcu obele\u017een je prigodnim programom. Prisutnima se obratio direktor ove obrazovne ustanove Tomica Simi\u0107 rekav\u0161i &hellip; <\/p>\n","protected":false},"author":2,"featured_media":20815,"comment_status":"open","ping_status":"open","sticky":false,"template":"","format":"standard","meta":{"footnotes":""},"categories":[14,1524,2,887,12],"tags":[4132,51],"_links":{"self":[{"href":"https:\/\/centralmedia.rs\/index.php\/wp-json\/wp\/v2\/posts\/20814"}],"collection":[{"href":"https:\/\/centralmedia.rs\/index.php\/wp-json\/wp\/v2\/posts"}],"about":[{"href":"https:\/\/centralmedia.rs\/index.php\/wp-json\/wp\/v2\/types\/post"}],"author":[{"embeddable":true,"href":"https:\/\/centralmedia.rs\/index.php\/wp-json\/wp\/v2\/users\/2"}],"replies":[{"embeddable":true,"href":"https:\/\/centralmedia.rs\/index.php\/wp-json\/wp\/v2\/comments?post=20814"}],"version-history":[{"count":2,"href":"https:\/\/centralmedia.rs\/index.php\/wp-json\/wp\/v2\/posts\/20814\/revisions"}],"predecessor-version":[{"id":20817,"href":"https:\/\/centralmedia.rs\/index.php\/wp-json\/wp\/v2\/posts\/20814\/revisions\/20817"}],"wp:featuredmedia":[{"embeddable":true,"href":"https:\/\/centralmedia.rs\/index.php\/wp-json\/wp\/v2\/media\/20815"}],"wp:attachment":[{"href":"https:\/\/centralmedia.rs\/index.php\/wp-json\/wp\/v2\/media?parent=20814"}],"wp:term":[{"taxonomy":"category","embeddable":true,"href":"https:\/\/centralmedia.rs\/index.php\/wp-json\/wp\/v2\/categories?post=20814"},{"taxonomy":"post_tag","embeddable":true,"href":"https:\/\/centralmedia.rs\/index.php\/wp-json\/wp\/v2\/tags?post=20814"}],"curies":[{"name":"wp","href":"https:\/\/api.w.org\/{rel}","templated":true}]}}