{"id":20832,"date":"2019-10-18T14:53:25","date_gmt":"2019-10-18T14:53:25","guid":{"rendered":"http:\/\/centralmedia.rs\/?p=20832"},"modified":"2019-10-24T17:49:46","modified_gmt":"2019-10-24T17:49:46","slug":"koncert-klasicne-muzike","status":"publish","type":"post","link":"https:\/\/centralmedia.rs\/index.php\/2019\/10\/18\/koncert-klasicne-muzike\/","title":{"rendered":"KONCERT KLASI\u010cNE MUZIKE"},"content":{"rendered":"<p>\u0106UPRIJA- Koncert klasi\u010dne muzike u \u010detvrtak u 19 sati \u0106upriji u sali muzi\u010dke \u0161kole &#8220;Du\u0161an Skovran&#8221;, ulaz je slobodan. Ivana Popari\u0107,\u00a0violon\u010delo i\u00a0Jovana Nikoli\u0107, klavir, gosti\u00a0\u00a0\u017deljko Ivovi\u0107 i Mali orkestar \u0160kole za muzi\u010dke talente. Na programu su dela L. van Betovena, D. \u0160ostakovi\u010da i G. F. Hendla.<\/p>\n","protected":false},"excerpt":{"rendered":"<p>\u0106UPRIJA- Koncert klasi\u010dne muzike u \u010detvrtak u 19 sati \u0106upriji u sali muzi\u010dke \u0161kole &#8220;Du\u0161an Skovran&#8221;, ulaz je slobodan. Ivana Popari\u0107,\u00a0violon\u010delo i\u00a0Jovana Nikoli\u0107, klavir, gosti\u00a0\u00a0\u017deljko &hellip; <\/p>\n","protected":false},"author":2,"featured_media":20833,"comment_status":"open","ping_status":"open","sticky":false,"template":"","format":"standard","meta":{"footnotes":""},"categories":[1515,1524,2,15,887,12],"tags":[44,4137],"_links":{"self":[{"href":"https:\/\/centralmedia.rs\/index.php\/wp-json\/wp\/v2\/posts\/20832"}],"collection":[{"href":"https:\/\/centralmedia.rs\/index.php\/wp-json\/wp\/v2\/posts"}],"about":[{"href":"https:\/\/centralmedia.rs\/index.php\/wp-json\/wp\/v2\/types\/post"}],"author":[{"embeddable":true,"href":"https:\/\/centralmedia.rs\/index.php\/wp-json\/wp\/v2\/users\/2"}],"replies":[{"embeddable":true,"href":"https:\/\/centralmedia.rs\/index.php\/wp-json\/wp\/v2\/comments?post=20832"}],"version-history":[{"count":1,"href":"https:\/\/centralmedia.rs\/index.php\/wp-json\/wp\/v2\/posts\/20832\/revisions"}],"predecessor-version":[{"id":20834,"href":"https:\/\/centralmedia.rs\/index.php\/wp-json\/wp\/v2\/posts\/20832\/revisions\/20834"}],"wp:featuredmedia":[{"embeddable":true,"href":"https:\/\/centralmedia.rs\/index.php\/wp-json\/wp\/v2\/media\/20833"}],"wp:attachment":[{"href":"https:\/\/centralmedia.rs\/index.php\/wp-json\/wp\/v2\/media?parent=20832"}],"wp:term":[{"taxonomy":"category","embeddable":true,"href":"https:\/\/centralmedia.rs\/index.php\/wp-json\/wp\/v2\/categories?post=20832"},{"taxonomy":"post_tag","embeddable":true,"href":"https:\/\/centralmedia.rs\/index.php\/wp-json\/wp\/v2\/tags?post=20832"}],"curies":[{"name":"wp","href":"https:\/\/api.w.org\/{rel}","templated":true}]}}