{"id":20839,"date":"2019-10-20T10:28:25","date_gmt":"2019-10-20T10:28:25","guid":{"rendered":"http:\/\/centralmedia.rs\/?p=20839"},"modified":"2019-10-22T19:48:22","modified_gmt":"2019-10-22T19:48:22","slug":"spomenik-nevinim-zrtvama-revolucionarnog-zlocina-premesten-u-crkvenu-portu","status":"publish","type":"post","link":"https:\/\/centralmedia.rs\/index.php\/2019\/10\/20\/spomenik-nevinim-zrtvama-revolucionarnog-zlocina-premesten-u-crkvenu-portu\/","title":{"rendered":"SPOMENIK NEVINIM \u017dRTVAMA ,,REVOLUCIONARNOG&#8221; ZLO\u010cINA PREME\u0160TEN U CRKVENU PORTU"},"content":{"rendered":"<p>JAGODINA- Blagoslovom vladike \u0161umdijskog Jovana spomenik nevinim \u017ertvama 1944\/1946. u izgradnji preme\u0161ten je u portu crkve Svetog Pokrova Bogorodice u jagodinskom naselju Streli\u0161te, gde se tako\u0111e, od kraja oktobra 1944., nalazilo gubili\u0161te gra\u0111ana Jagodine i gradova centralne Srbije. O\u010dekuje se da uskoro spomenik bude osve\u0161tan i otkriven, te \u0107e se obavljati pomeni i parastosi, \u0161to predstavlja civilizacijski \u010din posle 75 godina \u0107utanja i zabrane tajnih grobnica. Vandali i huligani su poku\u0161ali da spomenik u izgradnji sru\u0161e i oskrnave, la\u017eima predstavljaju\u0107i izgradnju spomenika kao ideologiju fa\u0161izma i klasne borbe ,,pora\u017eenu&#8221; u drugom svetskom ratu, polili su spomen obele\u017eje crvenom bojom i hvalili se po dru\u0161tvenim mre\u017eama tim postignu\u0107em. Na taj na\u010din oni su jo\u0161 jednom osudili bez su\u0111enja i pogubili nevine gra\u0111ane, o \u010dijoj se subini 75 godina \u0107utalo. Zabrana govora, obele\u017eavanja, prastosa i pomena oko 3.000 nevinih \u017ertava, kako ista\u017eiva\u010di navode, u petnaestak tajnih grobnice u Jagodini na ovaj na\u010din bi\u0107e zauvek skinuta.<\/p>\n<div id='gallery-1' class='gallery galleryid-20839 gallery-columns-5 gallery-size-thumbnail'><figure class='gallery-item'>\n\t\t\t<div class='gallery-icon portrait'>\n\t\t\t\t<a href='https:\/\/centralmedia.rs\/index.php\/2019\/10\/20\/spomenik-nevinim-zrtvama-revolucionarnog-zlocina-premesten-u-crkvenu-portu\/spoemnik3\/'><img loading=\"lazy\" decoding=\"async\" width=\"150\" height=\"150\" src=\"https:\/\/centralmedia.rs\/wp-content\/uploads\/2019\/10\/spoemnik3-150x150.jpg\" class=\"attachment-thumbnail size-thumbnail\" alt=\"\" \/><\/a>\n\t\t\t<\/div><\/figure><figure class='gallery-item'>\n\t\t\t<div class='gallery-icon portrait'>\n\t\t\t\t<a href='https:\/\/centralmedia.rs\/index.php\/2019\/10\/20\/spomenik-nevinim-zrtvama-revolucionarnog-zlocina-premesten-u-crkvenu-portu\/spomenik1-3\/'><img loading=\"lazy\" decoding=\"async\" width=\"150\" height=\"150\" src=\"https:\/\/centralmedia.rs\/wp-content\/uploads\/2019\/10\/spomenik1-1-150x150.jpg\" class=\"attachment-thumbnail size-thumbnail\" alt=\"\" \/><\/a>\n\t\t\t<\/div><\/figure><figure class='gallery-item'>\n\t\t\t<div class='gallery-icon portrait'>\n\t\t\t\t<a href='https:\/\/centralmedia.rs\/index.php\/2019\/10\/20\/spomenik-nevinim-zrtvama-revolucionarnog-zlocina-premesten-u-crkvenu-portu\/spomenik2\/'><img loading=\"lazy\" decoding=\"async\" width=\"150\" height=\"150\" src=\"https:\/\/centralmedia.rs\/wp-content\/uploads\/2019\/10\/spomenik2-150x150.jpg\" class=\"attachment-thumbnail size-thumbnail\" alt=\"\" \/><\/a>\n\t\t\t<\/div><\/figure><figure class='gallery-item'>\n\t\t\t<div class='gallery-icon portrait'>\n\t\t\t\t<a href='https:\/\/centralmedia.rs\/index.php\/2019\/10\/20\/spomenik-nevinim-zrtvama-revolucionarnog-zlocina-premesten-u-crkvenu-portu\/spomenik4\/'><img loading=\"lazy\" decoding=\"async\" width=\"150\" height=\"150\" src=\"https:\/\/centralmedia.rs\/wp-content\/uploads\/2019\/10\/spomenik4-150x150.jpg\" class=\"attachment-thumbnail size-thumbnail\" alt=\"\" \/><\/a>\n\t\t\t<\/div><\/figure><figure class='gallery-item'>\n\t\t\t<div class='gallery-icon portrait'>\n\t\t\t\t<a href='https:\/\/centralmedia.rs\/index.php\/2019\/10\/20\/spomenik-nevinim-zrtvama-revolucionarnog-zlocina-premesten-u-crkvenu-portu\/spomenik5\/'><img loading=\"lazy\" decoding=\"async\" width=\"150\" height=\"150\" src=\"https:\/\/centralmedia.rs\/wp-content\/uploads\/2019\/10\/spomenik5-150x150.jpg\" class=\"attachment-thumbnail size-thumbnail\" alt=\"\" \/><\/a>\n\t\t\t<\/div><\/figure>\n\t\t<\/div>\n\n<p>&#8211; \u00a0\u00a0Zbog krivi\u010dnih i prekr\u0161ajnih prijava i skrnavljenja spomenika od strane NN lica re\u0161ili smo da spomenik premestimo tamo gde mu je i mesto u porti crkve Pokrova presvete Bogorodice. Imali smo sre\u0107u da je SPC prepoznala va\u017enost obele\u017eavanja tajnih grobnica nevino ubijenih gra\u0111ana i ovog mesta. Dobili smo blagoslov za postavljanje spomenika u porti crkve. Po otkrivanju i osve\u0161tanju spomenika objavi\u0107emo ko je oskrnavio spomenik i ko je podneo krivi\u010dne i prekr\u0161ajne prijave protim organizatora izrade spomenika, ka\u017eu u organizaciji Bunt.<\/p>\n","protected":false},"excerpt":{"rendered":"<p>JAGODINA- Blagoslovom vladike \u0161umdijskog Jovana spomenik nevinim \u017ertvama 1944\/1946. u izgradnji preme\u0161ten je u portu crkve Svetog Pokrova Bogorodice u jagodinskom naselju Streli\u0161te, gde se &hellip; <\/p>\n","protected":false},"author":2,"featured_media":20841,"comment_status":"open","ping_status":"open","sticky":false,"template":"","format":"standard","meta":{"footnotes":""},"categories":[14,1524,2,1514,12],"tags":[4139,58,4138,4130,4129],"_links":{"self":[{"href":"https:\/\/centralmedia.rs\/index.php\/wp-json\/wp\/v2\/posts\/20839"}],"collection":[{"href":"https:\/\/centralmedia.rs\/index.php\/wp-json\/wp\/v2\/posts"}],"about":[{"href":"https:\/\/centralmedia.rs\/index.php\/wp-json\/wp\/v2\/types\/post"}],"author":[{"embeddable":true,"href":"https:\/\/centralmedia.rs\/index.php\/wp-json\/wp\/v2\/users\/2"}],"replies":[{"embeddable":true,"href":"https:\/\/centralmedia.rs\/index.php\/wp-json\/wp\/v2\/comments?post=20839"}],"version-history":[{"count":2,"href":"https:\/\/centralmedia.rs\/index.php\/wp-json\/wp\/v2\/posts\/20839\/revisions"}],"predecessor-version":[{"id":20864,"href":"https:\/\/centralmedia.rs\/index.php\/wp-json\/wp\/v2\/posts\/20839\/revisions\/20864"}],"wp:featuredmedia":[{"embeddable":true,"href":"https:\/\/centralmedia.rs\/index.php\/wp-json\/wp\/v2\/media\/20841"}],"wp:attachment":[{"href":"https:\/\/centralmedia.rs\/index.php\/wp-json\/wp\/v2\/media?parent=20839"}],"wp:term":[{"taxonomy":"category","embeddable":true,"href":"https:\/\/centralmedia.rs\/index.php\/wp-json\/wp\/v2\/categories?post=20839"},{"taxonomy":"post_tag","embeddable":true,"href":"https:\/\/centralmedia.rs\/index.php\/wp-json\/wp\/v2\/tags?post=20839"}],"curies":[{"name":"wp","href":"https:\/\/api.w.org\/{rel}","templated":true}]}}