{"id":20848,"date":"2019-10-20T10:36:06","date_gmt":"2019-10-20T10:36:06","guid":{"rendered":"http:\/\/centralmedia.rs\/?p=20848"},"modified":"2019-10-22T19:49:24","modified_gmt":"2019-10-22T19:49:24","slug":"nova-izlozba-u-prirodnjackom-centru-srbije","status":"publish","type":"post","link":"https:\/\/centralmedia.rs\/index.php\/2019\/10\/20\/nova-izlozba-u-prirodnjackom-centru-srbije\/","title":{"rendered":"NOVA IZLO\u017dBA U PRIRODNJA\u010cKOM CENTRU SRBIJE"},"content":{"rendered":"<p>SVILAJNAC- Povodom obele\u017eavanja 3. Me\u0111unarodnog dana predela, u Prirodnja\u010dkom centru Srbije u Svilajncu otvorena nova izlo\u017eba pod nazivom \u201ePredeo i voda\u201c. Otvaranju izlo\u017ebe prisutvovala je Biljana Filipovi\u0107 ,predstavnik Republike Srbije za Evropsku konvenciju o predelima, Ministarstvo za\u0161tite \u017eivotne sredine i Maguelanne Dejeant Pons, predsedavaju\u0107a Evropskom konvencijom o predelu, Savet Evrope. Izlo\u017eba je pod pokroviteljstvom Ministarstva za\u0161tite \u017eivotne sredine, doma\u0107in izlo\u017ebe je Prirodnja\u010dki centar Srbije, dok su partneri na projektu: \u0160umarski fakultet Univerziteta u Beogradu, Udru\u017eenje gra\u0111ana za razvoj eko-ruralnog turizma &#8220;Podunav&#8221; Ba\u010dki Mono\u0161tor i Pokret gorana Sremska Mitrovica.<\/p>\n<div id='gallery-1' class='gallery galleryid-20848 gallery-columns-3 gallery-size-thumbnail'><figure class='gallery-item'>\n\t\t\t<div class='gallery-icon landscape'>\n\t\t\t\t<a href='https:\/\/centralmedia.rs\/index.php\/2019\/10\/20\/nova-izlozba-u-prirodnjackom-centru-srbije\/centar-2-2\/'><img loading=\"lazy\" decoding=\"async\" width=\"150\" height=\"150\" src=\"https:\/\/centralmedia.rs\/wp-content\/uploads\/2019\/10\/centar-2-150x150.jpg\" class=\"attachment-thumbnail size-thumbnail\" alt=\"\" \/><\/a>\n\t\t\t<\/div><\/figure><figure class='gallery-item'>\n\t\t\t<div class='gallery-icon landscape'>\n\t\t\t\t<a href='https:\/\/centralmedia.rs\/index.php\/2019\/10\/20\/nova-izlozba-u-prirodnjackom-centru-srbije\/centar-8\/'><img loading=\"lazy\" decoding=\"async\" width=\"150\" height=\"150\" src=\"https:\/\/centralmedia.rs\/wp-content\/uploads\/2019\/10\/centar-150x150.jpg\" class=\"attachment-thumbnail size-thumbnail\" alt=\"\" \/><\/a>\n\t\t\t<\/div><\/figure><figure class='gallery-item'>\n\t\t\t<div class='gallery-icon landscape'>\n\t\t\t\t<a href='https:\/\/centralmedia.rs\/index.php\/2019\/10\/20\/nova-izlozba-u-prirodnjackom-centru-srbije\/centar1-2\/'><img loading=\"lazy\" decoding=\"async\" width=\"150\" height=\"150\" src=\"https:\/\/centralmedia.rs\/wp-content\/uploads\/2019\/10\/centar1-150x150.jpg\" class=\"attachment-thumbnail size-thumbnail\" alt=\"\" \/><\/a>\n\t\t\t<\/div><\/figure>\n\t\t<\/div>\n\n","protected":false},"excerpt":{"rendered":"<p>SVILAJNAC- Povodom obele\u017eavanja 3. Me\u0111unarodnog dana predela, u Prirodnja\u010dkom centru Srbije u Svilajncu otvorena nova izlo\u017eba pod nazivom \u201ePredeo i voda\u201c. Otvaranju izlo\u017ebe prisutvovala je &hellip; <\/p>\n","protected":false},"author":2,"featured_media":20849,"comment_status":"open","ping_status":"open","sticky":false,"template":"","format":"standard","meta":{"footnotes":""},"categories":[14,1524,2,887,12,1517],"tags":[649,4140,38],"_links":{"self":[{"href":"https:\/\/centralmedia.rs\/index.php\/wp-json\/wp\/v2\/posts\/20848"}],"collection":[{"href":"https:\/\/centralmedia.rs\/index.php\/wp-json\/wp\/v2\/posts"}],"about":[{"href":"https:\/\/centralmedia.rs\/index.php\/wp-json\/wp\/v2\/types\/post"}],"author":[{"embeddable":true,"href":"https:\/\/centralmedia.rs\/index.php\/wp-json\/wp\/v2\/users\/2"}],"replies":[{"embeddable":true,"href":"https:\/\/centralmedia.rs\/index.php\/wp-json\/wp\/v2\/comments?post=20848"}],"version-history":[{"count":2,"href":"https:\/\/centralmedia.rs\/index.php\/wp-json\/wp\/v2\/posts\/20848\/revisions"}],"predecessor-version":[{"id":20863,"href":"https:\/\/centralmedia.rs\/index.php\/wp-json\/wp\/v2\/posts\/20848\/revisions\/20863"}],"wp:featuredmedia":[{"embeddable":true,"href":"https:\/\/centralmedia.rs\/index.php\/wp-json\/wp\/v2\/media\/20849"}],"wp:attachment":[{"href":"https:\/\/centralmedia.rs\/index.php\/wp-json\/wp\/v2\/media?parent=20848"}],"wp:term":[{"taxonomy":"category","embeddable":true,"href":"https:\/\/centralmedia.rs\/index.php\/wp-json\/wp\/v2\/categories?post=20848"},{"taxonomy":"post_tag","embeddable":true,"href":"https:\/\/centralmedia.rs\/index.php\/wp-json\/wp\/v2\/tags?post=20848"}],"curies":[{"name":"wp","href":"https:\/\/api.w.org\/{rel}","templated":true}]}}