{"id":2087,"date":"2016-02-12T15:05:05","date_gmt":"2016-02-12T15:05:05","guid":{"rendered":"http:\/\/centralmedia.rs\/?p=2087"},"modified":"2016-02-12T15:05:05","modified_gmt":"2016-02-12T15:05:05","slug":"svi-svilajnacki-nezaposleni-lekari-dobili-posao","status":"publish","type":"post","link":"https:\/\/centralmedia.rs\/index.php\/2016\/02\/12\/svi-svilajnacki-nezaposleni-lekari-dobili-posao\/","title":{"rendered":"SVI SVILAJNA\u010cKI NEZAPOSLENI LEKARI DOBILI POSAO"},"content":{"rendered":"<p>SVILAJANC-Na evidenciji Nacionalne slu\u017ebe za zapo\u0161ljavanje u Svilajncu vi\u0161e nema nezaposlenih lekara, jer je danas njih osmoro potpisalo ugovore o radu u Domu zdravlja, izjavio je predsednik te op\u0161tine Predrag Milanovi\u0107. Re\u010d je o mladim lekarima koji su nedavno zavr\u0161ili fakultete, a njihove zarade finansira\u0107e op\u0161tina Svilajnac. Pored mladih lekara, ta zdravstvena ustanova modernizovana je sa novim vozilom za prevoz pacijenata, a slede\u0107eg meseca za rad Slu\u017ebe hitne pomo\u0107i bi\u0107e obezbe\u0111eno novo sanitetsko vozilo.<br \/>\n-Za sve lekare iz Svilajnca obezbedili smo sredstva u bud\u017eetu za plate i oni od danas po\u010dinju da rade u slu\u017ebama Doma zdravlja. Smatramo da mladim ljudima, naro\u010dito lekarima, ali i svima ostalima koji su ulo\u017eili veliki trud i sredstva u obrazovanje, treba da na\u0111emo mesto u dru\u0161tvu. Od njih o\u010dekujemo veliki rad i pomo\u0107 svim gra\u0111anima na\u0161e op\u0161tine, kako bismo podigli nivo zdravstvenih usluga, rekao prilikom uru\u010denja ugovora o radu Milanovi\u0107.<br \/>\nOn je najavio da \u0107e ove godine zapo\u010deti velika rekonstrukcija Doma zdravlja, a obnova ambulante u Ku\u0161iljevu bi\u0107e zavr\u0161ena u narednih nekoliko meseci.<br \/>\n<a href=\"https:\/\/centralmedia.rs\/wp-content\/uploads\/2016\/02\/predsenik-milaniovic-urucuje-ugovore-o-radu-svilajnac-g.j..jpg\" rel=\"attachment wp-att-2089\"><img loading=\"lazy\" decoding=\"async\" src=\"https:\/\/centralmedia.rs\/wp-content\/uploads\/2016\/02\/predsenik-milaniovic-urucuje-ugovore-o-radu-svilajnac-g.j.-300x200.jpg\" alt=\"predsenik milaniovic urucuje ugovore o radu-svilajnac-g.j.\" width=\"300\" height=\"200\" class=\"alignnone size-medium wp-image-2089\" srcset=\"https:\/\/centralmedia.rs\/wp-content\/uploads\/2016\/02\/predsenik-milaniovic-urucuje-ugovore-o-radu-svilajnac-g.j.-300x200.jpg 300w, https:\/\/centralmedia.rs\/wp-content\/uploads\/2016\/02\/predsenik-milaniovic-urucuje-ugovore-o-radu-svilajnac-g.j.-768x512.jpg 768w, https:\/\/centralmedia.rs\/wp-content\/uploads\/2016\/02\/predsenik-milaniovic-urucuje-ugovore-o-radu-svilajnac-g.j..jpg 960w\" sizes=\"(max-width: 300px) 100vw, 300px\" \/><\/a><br \/>\nZamenica predsednika op\u0161tine dr Danijela Stojadinovi\u0107 istakla je da je veliki uspeh \u0161to u Svilajncu nema nezaposlenih lekara i da je ispunjeno  obe\u0107anje dato pro\u0161le godine.<br \/>\n-Ovo su trenutna re\u0161enja, ali mi pravimo prostor, modernizujemo i pro\u0161irujemo na\u0161e slu\u017ebe i zdravstvene usluge, kako bi ti mladi ljudi ostali da \u017eive i stvaraju porodice u Svilajncu, istakla je ona i dodala da \u0107e<br \/>\nlekari biti raspore\u0111eni u hitnoj slu\u017ebi, stacionaru, ku\u0107noj nezi, kao i na na terenu u okviru velikog sistematskog pregleda stanovni\u0161tva.<br \/>\n Marko Isajlovi\u0107, jedan od novozaposlenih lekara, rekao je da mu ovaj posao mnogo zna\u010di jer je nakon zavr\u0161enog fakulteta dugo volontirao u drugim gradovima.<br \/>\n-Volontirao sam u Kragujevcu i pre nekoliko dana su pozvali iz Nacionalne slu\u017ebe za zapo\u0161ljavanje da me pitaju da li bih radio u Svilajncu, mojoj sre\u0107i nije bilo kraja, te\u0161ko je opisati taj ose\u0107aj. Veoma sam zahvalan lokalnoj samoupravi ne samo na poslu, nego i na mogu\u0107nosti da se vratim u svoj grad i ovde doprinesem svojim znanjem. Svestan sam koliko je ovaj potez va\u017ean, s obzirom da veliki broj mojih kolega odlazi iz zemlje ili ne mo\u017ee da na\u0111e posao, naglasio je  on.<br \/>\nLekari koji dobili posao su Suzana Nikoli\u0107, Katarina Stoji\u0107evi\u0107, Marija Pavlovi\u0107, Jasmina Jovanovi\u0107, Vera Milosavljevi\u0107, Bojana Jovanovi\u0107 i Uglje\u0161a Jovanovi\u0107.<\/p>\n","protected":false},"excerpt":{"rendered":"<p>SVILAJANC-Na evidenciji Nacionalne slu\u017ebe za zapo\u0161ljavanje u Svilajncu vi\u0161e nema nezaposlenih lekara, jer je danas njih osmoro potpisalo ugovore o radu u Domu zdravlja, izjavio &hellip; <\/p>\n","protected":false},"author":4,"featured_media":2088,"comment_status":"open","ping_status":"open","sticky":false,"template":"","format":"standard","meta":{"footnotes":""},"categories":[28,2,12],"tags":[228,536,38],"_links":{"self":[{"href":"https:\/\/centralmedia.rs\/index.php\/wp-json\/wp\/v2\/posts\/2087"}],"collection":[{"href":"https:\/\/centralmedia.rs\/index.php\/wp-json\/wp\/v2\/posts"}],"about":[{"href":"https:\/\/centralmedia.rs\/index.php\/wp-json\/wp\/v2\/types\/post"}],"author":[{"embeddable":true,"href":"https:\/\/centralmedia.rs\/index.php\/wp-json\/wp\/v2\/users\/4"}],"replies":[{"embeddable":true,"href":"https:\/\/centralmedia.rs\/index.php\/wp-json\/wp\/v2\/comments?post=2087"}],"version-history":[{"count":0,"href":"https:\/\/centralmedia.rs\/index.php\/wp-json\/wp\/v2\/posts\/2087\/revisions"}],"wp:featuredmedia":[{"embeddable":true,"href":"https:\/\/centralmedia.rs\/index.php\/wp-json\/wp\/v2\/media\/2088"}],"wp:attachment":[{"href":"https:\/\/centralmedia.rs\/index.php\/wp-json\/wp\/v2\/media?parent=2087"}],"wp:term":[{"taxonomy":"category","embeddable":true,"href":"https:\/\/centralmedia.rs\/index.php\/wp-json\/wp\/v2\/categories?post=2087"},{"taxonomy":"post_tag","embeddable":true,"href":"https:\/\/centralmedia.rs\/index.php\/wp-json\/wp\/v2\/tags?post=2087"}],"curies":[{"name":"wp","href":"https:\/\/api.w.org\/{rel}","templated":true}]}}