{"id":20886,"date":"2019-10-22T18:39:29","date_gmt":"2019-10-22T18:39:29","guid":{"rendered":"http:\/\/centralmedia.rs\/?p=20886"},"modified":"2019-10-28T16:13:08","modified_gmt":"2019-10-28T16:13:08","slug":"pocetak-glavne-lovacke-sezone","status":"publish","type":"post","link":"https:\/\/centralmedia.rs\/index.php\/2019\/10\/22\/pocetak-glavne-lovacke-sezone\/","title":{"rendered":"PO\u010cETAK GLAVNE LOVA\u010cKE SEZONE"},"content":{"rendered":"<p>JAGODINA- Lova\u010dko udru\u017eenje Jagodina pred po\u010detak glavne sezone podelilo je 650 kompleta ka\u010dketa i prsluka sa identifikacijom, \u0161to je ujedno i uslov da se u\u0111e u lovi\u0161te. Sezona lova na sitnu divlja\u010d po\u010dinje u nedelju 27. oktobra i traja\u0107e 9 nedelja.<\/p>\n<div id='gallery-1' class='gallery galleryid-20886 gallery-columns-3 gallery-size-full'><figure class='gallery-item'>\n\t\t\t<div class='gallery-icon landscape'>\n\t\t\t\t<a href='https:\/\/centralmedia.rs\/index.php\/2019\/10\/22\/pocetak-glavne-lovacke-sezone\/lovci-1-3\/'><img loading=\"lazy\" decoding=\"async\" width=\"1600\" height=\"778\" src=\"https:\/\/centralmedia.rs\/wp-content\/uploads\/2019\/10\/lovci-1.jpg\" class=\"attachment-full size-full\" alt=\"\" srcset=\"https:\/\/centralmedia.rs\/wp-content\/uploads\/2019\/10\/lovci-1.jpg 1600w, https:\/\/centralmedia.rs\/wp-content\/uploads\/2019\/10\/lovci-1-300x146.jpg 300w, https:\/\/centralmedia.rs\/wp-content\/uploads\/2019\/10\/lovci-1-768x373.jpg 768w, https:\/\/centralmedia.rs\/wp-content\/uploads\/2019\/10\/lovci-1-1024x498.jpg 1024w, https:\/\/centralmedia.rs\/wp-content\/uploads\/2019\/10\/lovci-1-864x420.jpg 864w, https:\/\/centralmedia.rs\/wp-content\/uploads\/2019\/10\/lovci-1-640x311.jpg 640w, https:\/\/centralmedia.rs\/wp-content\/uploads\/2019\/10\/lovci-1-681x331.jpg 681w\" sizes=\"(max-width: 1600px) 100vw, 1600px\" \/><\/a>\n\t\t\t<\/div><\/figure><figure class='gallery-item'>\n\t\t\t<div class='gallery-icon landscape'>\n\t\t\t\t<a href='https:\/\/centralmedia.rs\/index.php\/2019\/10\/22\/pocetak-glavne-lovacke-sezone\/lovci-7\/'><img loading=\"lazy\" decoding=\"async\" width=\"1600\" height=\"778\" src=\"https:\/\/centralmedia.rs\/wp-content\/uploads\/2019\/10\/lovci.jpg\" class=\"attachment-full size-full\" alt=\"\" srcset=\"https:\/\/centralmedia.rs\/wp-content\/uploads\/2019\/10\/lovci.jpg 1600w, https:\/\/centralmedia.rs\/wp-content\/uploads\/2019\/10\/lovci-300x146.jpg 300w, https:\/\/centralmedia.rs\/wp-content\/uploads\/2019\/10\/lovci-768x373.jpg 768w, https:\/\/centralmedia.rs\/wp-content\/uploads\/2019\/10\/lovci-1024x498.jpg 1024w, https:\/\/centralmedia.rs\/wp-content\/uploads\/2019\/10\/lovci-864x420.jpg 864w, https:\/\/centralmedia.rs\/wp-content\/uploads\/2019\/10\/lovci-640x311.jpg 640w, https:\/\/centralmedia.rs\/wp-content\/uploads\/2019\/10\/lovci-681x331.jpg 681w\" sizes=\"(max-width: 1600px) 100vw, 1600px\" \/><\/a>\n\t\t\t<\/div><\/figure><figure class='gallery-item'>\n\t\t\t<div class='gallery-icon landscape'>\n\t\t\t\t<a href='https:\/\/centralmedia.rs\/index.php\/2019\/10\/22\/pocetak-glavne-lovacke-sezone\/lovci2-2\/'><img loading=\"lazy\" decoding=\"async\" width=\"1600\" height=\"778\" src=\"https:\/\/centralmedia.rs\/wp-content\/uploads\/2019\/10\/lovci2.jpg\" class=\"attachment-full size-full\" alt=\"\" srcset=\"https:\/\/centralmedia.rs\/wp-content\/uploads\/2019\/10\/lovci2.jpg 1600w, https:\/\/centralmedia.rs\/wp-content\/uploads\/2019\/10\/lovci2-300x146.jpg 300w, https:\/\/centralmedia.rs\/wp-content\/uploads\/2019\/10\/lovci2-768x373.jpg 768w, https:\/\/centralmedia.rs\/wp-content\/uploads\/2019\/10\/lovci2-1024x498.jpg 1024w, https:\/\/centralmedia.rs\/wp-content\/uploads\/2019\/10\/lovci2-864x420.jpg 864w, https:\/\/centralmedia.rs\/wp-content\/uploads\/2019\/10\/lovci2-640x311.jpg 640w, https:\/\/centralmedia.rs\/wp-content\/uploads\/2019\/10\/lovci2-681x331.jpg 681w\" sizes=\"(max-width: 1600px) 100vw, 1600px\" \/><\/a>\n\t\t\t<\/div><\/figure>\n\t\t<\/div>\n\n","protected":false},"excerpt":{"rendered":"<p>JAGODINA- Lova\u010dko udru\u017eenje Jagodina pred po\u010detak glavne sezone podelilo je 650 kompleta ka\u010dketa i prsluka sa identifikacijom, \u0161to je ujedno i uslov da se u\u0111e &hellip; <\/p>\n","protected":false},"author":2,"featured_media":20887,"comment_status":"open","ping_status":"open","sticky":false,"template":"","format":"standard","meta":{"footnotes":""},"categories":[1524,2,1514,23,3054],"tags":[58,4145,1786,4146],"_links":{"self":[{"href":"https:\/\/centralmedia.rs\/index.php\/wp-json\/wp\/v2\/posts\/20886"}],"collection":[{"href":"https:\/\/centralmedia.rs\/index.php\/wp-json\/wp\/v2\/posts"}],"about":[{"href":"https:\/\/centralmedia.rs\/index.php\/wp-json\/wp\/v2\/types\/post"}],"author":[{"embeddable":true,"href":"https:\/\/centralmedia.rs\/index.php\/wp-json\/wp\/v2\/users\/2"}],"replies":[{"embeddable":true,"href":"https:\/\/centralmedia.rs\/index.php\/wp-json\/wp\/v2\/comments?post=20886"}],"version-history":[{"count":1,"href":"https:\/\/centralmedia.rs\/index.php\/wp-json\/wp\/v2\/posts\/20886\/revisions"}],"predecessor-version":[{"id":20890,"href":"https:\/\/centralmedia.rs\/index.php\/wp-json\/wp\/v2\/posts\/20886\/revisions\/20890"}],"wp:featuredmedia":[{"embeddable":true,"href":"https:\/\/centralmedia.rs\/index.php\/wp-json\/wp\/v2\/media\/20887"}],"wp:attachment":[{"href":"https:\/\/centralmedia.rs\/index.php\/wp-json\/wp\/v2\/media?parent=20886"}],"wp:term":[{"taxonomy":"category","embeddable":true,"href":"https:\/\/centralmedia.rs\/index.php\/wp-json\/wp\/v2\/categories?post=20886"},{"taxonomy":"post_tag","embeddable":true,"href":"https:\/\/centralmedia.rs\/index.php\/wp-json\/wp\/v2\/tags?post=20886"}],"curies":[{"name":"wp","href":"https:\/\/api.w.org\/{rel}","templated":true}]}}