{"id":20898,"date":"2019-10-22T19:17:11","date_gmt":"2019-10-22T19:17:11","guid":{"rendered":"http:\/\/centralmedia.rs\/?p=20898"},"modified":"2019-10-28T16:13:30","modified_gmt":"2019-10-28T16:13:30","slug":"cuprija-krece-u-mapiranje-investicionih-lokacija","status":"publish","type":"post","link":"https:\/\/centralmedia.rs\/index.php\/2019\/10\/22\/cuprija-krece-u-mapiranje-investicionih-lokacija\/","title":{"rendered":"\u0106UPRIJA KRE\u0106E U MAPIRANJE INVESTICIONIH LOKACIJA"},"content":{"rendered":"<p>\u0106UPRIJA- \u010citav projekat se zasniva na tome da se prikupe osnovni podaci\u00a0 i da se oni prenesu na digitalnu platformu. Kasnije mo\u017eemo da dodamo ostale podatke. Moram da ka\u017eem da ste vi u\u0161li u ovih jedanaest op\u0161tina i da to mora da vam inponuje jer je bila velika zainteresovanost lokalnih samouprava za ovaj projekat. Kako volim da ka\u017eem, Srbija sada gleda u vas, jer kako se vi budete pokazali u ovom projektu, kako budete predstavili va\u0161e investicione potencijale \u2013 a imate dobre potencijale \u2013 na osnovu va\u0161ih iskustava \u0107ete kasnije, kao regionalni centar, da poka\u017eete ostalim op\u0161tinama i gradovima kako se to radi\u201c, rekla je u \u0106upriji dr Marina Jovanovi\u0107-Milenkovi\u0107 iz Republi\u010dkog geodetskog zavoda, govore\u0107i na sastanku uprili\u010denom povodom po\u010detka rada na projektu \u201cUnapre\u0111enje poslovne klime u Srbiji\u201d.<\/p>\n<p>Podsetimo, direktor Republi\u010dkog geodetskog zavoda Borko Dra\u0161kovi\u0107 i predsednik Op\u0161tine \u0106uprija Ninoslav Eri\u0107 potpisali su pro\u0161log meseca u Vrdniku Sporazum o saradnji, koji ima za cilj pru\u017eanje podr\u0161ke Zavodu pri uspostavljanju Nacionalnog registra investicionih mapa (NRIM), ja\u010danje kapaciteta izabranih jedanaest pilot jedinica lokalnih samouprava i podsticanje ekonomskog razvoja. Uspostavljanje NRIM izvr\u0161i\u0107e se kroz projekat \u201cUnapre\u0111enje poslovne klime u Srbiji\u201c, pa je tim povodom danas gost lokalne samouprave u \u0106upriji bila zajedni\u010dka delegacija Republi\u010dkog geodetskog zavoda i \u0160vedske uprave za kartografiju, katastar i upis zemlji\u0161ta (Lantm\u00e4teriet), koji su i nosioci ovog projekta finansiranog od Me\u0111unarodne razvojne agencije \u0160vedske (SIDA) sa vi\u0161e od dva miliona evra.<\/p>\n<p>Kako je na sastanku moglo da se \u010duje, Nacionalni registar investicionih mapa formira se sa ciljem da unapredi poslovnu klimu u Srbiji, ali se izra\u0111uje i radi doprinosa prilikom ostvarivanja ciljeva odr\u017eivog razvoja. Prikupljanjem braunfild, grinfild, grejfild i ostalih lokacija, ovaj registar \u0107e imati zna\u010dajan uticaj i na obnovu postoje\u0107ih industrijskih kapaciteta u Republici Srbiji.<\/p>\n<p>\u201eVa\u017eno je da kada se zavr\u0161i ovaj projekat, da sistem bude lak za kori\u0161\u0107enje, da mo\u017ee lako da se a\u017euriraju podaci, da mogu da se unose nove lokacije i da to stvarno bude ne\u0161to \u0161to je transparentno prema stanovni\u0161tvu i prema investitorima \u2013 da na vrlo lak na\u010din mo\u017ee da se do\u0111e do informacija o potencijalnom zemlji\u0161tu, a da ti podaci budu ta\u010dni i precizzni\u201c, istakla je doktorka Jovanovi\u0107-Milenkovi\u0107, \u010dlanica tima projekta \u201cUnapre\u0111enje poslovne klime u Srbiji\u201d, koja je na sastanku jo\u0161 jednom podsetila na zna\u010daj registra, \u010dijim \u0107e se uspostavljanjem, kona\u010dno, na jednom mestu na\u0107i sve informacije koje su neophodne investitorima.<\/p>\n<p>Gosti iz Skandinavije, \u010diju je delegaciju predvodila Zoja Faraj, menad\u017eer projektnog tima \u0160vedske uprave za kartografiju, katastar i upis zemlji\u0161ta, pohvalili su proaktivnost predsednika Op\u0161tine \u0106uprija Ninoslava Eri\u0107a i njegovog tima u privla\u010denju potencijalnih investitora, istakav\u0161i da \u0106uprija sama pokazuje \u017eelju da uposli svoje kapacitete i da podigne kvalitet \u017eivota svojih gra\u0111ana.<\/p>\n<p>Delegacija iz \u0160vedske obnarodovala je na dana\u0161njem sastanku i da \u0107e gosti njihove kraljevine decembra ove i maja naredne godine biti dve grupe uposlenika \u0107uprijske lokalne samouprave, koji \u0107e na licu mesta mo\u0107i da se upoznaju sa funkcionisanjem administracije u \u0161vedskim op\u0161tinama.<\/p>\n<p>&nbsp;<\/p>\n","protected":false},"excerpt":{"rendered":"<p>\u0106UPRIJA- \u010citav projekat se zasniva na tome da se prikupe osnovni podaci\u00a0 i da se oni prenesu na digitalnu platformu. Kasnije mo\u017eemo da dodamo ostale &hellip; <\/p>\n","protected":false},"author":2,"featured_media":20899,"comment_status":"open","ping_status":"open","sticky":false,"template":"","format":"standard","meta":{"footnotes":""},"categories":[1515,14,1524,2,887,12],"tags":[44,673,4148],"_links":{"self":[{"href":"https:\/\/centralmedia.rs\/index.php\/wp-json\/wp\/v2\/posts\/20898"}],"collection":[{"href":"https:\/\/centralmedia.rs\/index.php\/wp-json\/wp\/v2\/posts"}],"about":[{"href":"https:\/\/centralmedia.rs\/index.php\/wp-json\/wp\/v2\/types\/post"}],"author":[{"embeddable":true,"href":"https:\/\/centralmedia.rs\/index.php\/wp-json\/wp\/v2\/users\/2"}],"replies":[{"embeddable":true,"href":"https:\/\/centralmedia.rs\/index.php\/wp-json\/wp\/v2\/comments?post=20898"}],"version-history":[{"count":1,"href":"https:\/\/centralmedia.rs\/index.php\/wp-json\/wp\/v2\/posts\/20898\/revisions"}],"predecessor-version":[{"id":20900,"href":"https:\/\/centralmedia.rs\/index.php\/wp-json\/wp\/v2\/posts\/20898\/revisions\/20900"}],"wp:featuredmedia":[{"embeddable":true,"href":"https:\/\/centralmedia.rs\/index.php\/wp-json\/wp\/v2\/media\/20899"}],"wp:attachment":[{"href":"https:\/\/centralmedia.rs\/index.php\/wp-json\/wp\/v2\/media?parent=20898"}],"wp:term":[{"taxonomy":"category","embeddable":true,"href":"https:\/\/centralmedia.rs\/index.php\/wp-json\/wp\/v2\/categories?post=20898"},{"taxonomy":"post_tag","embeddable":true,"href":"https:\/\/centralmedia.rs\/index.php\/wp-json\/wp\/v2\/tags?post=20898"}],"curies":[{"name":"wp","href":"https:\/\/api.w.org\/{rel}","templated":true}]}}