{"id":20903,"date":"2019-10-22T19:25:27","date_gmt":"2019-10-22T19:25:27","guid":{"rendered":"http:\/\/centralmedia.rs\/?p=20903"},"modified":"2019-10-28T16:13:45","modified_gmt":"2019-10-28T16:13:45","slug":"legalizacija-13-javnih-objekata-povrsine-4-000-kvadrata","status":"publish","type":"post","link":"https:\/\/centralmedia.rs\/index.php\/2019\/10\/22\/legalizacija-13-javnih-objekata-povrsine-4-000-kvadrata\/","title":{"rendered":"LEGALIZACIJA 13 JAVNIH OBJEKATA POVR\u0160INE 4.000 KVADRATA"},"content":{"rendered":"<p>\u0106UPRIJA- Na konferencija za novinare, koja je povodom realizacije projekta \u201eEfikasno i efektivno upravljanje imovinom u Ni\u0161u i \u0106upriji kroz uvo\u0111enje geografsko informacionog sistema\u201c danas odr\u017eana u prostorijama zgrade Op\u0161tine \u0106uprija, \u010dulo se da Ni\u0161 i \u0106uprija raspola\u017eu velikim brojem razli\u010ditih nepokretnosti, ali bez preciznih i pravno relevantnih podataka. Realizacijom ovog projekta partnerski gradovi imaju nameru da obezbede racionalno kori\u0161\u0107enje i upravljanje imovinom i stvore pouzdanu, odgovornu i transparentnu administraciju.<\/p>\n<p>Kako neefikasno kori\u0161\u0107enje javne imovine ko\u0161ta sve gra\u0111ane, obe jedinice lokalne samouprave o\u010dekuju da, nakon realizacije planiranih projektnih aktivnosti, do\u0111e do smanjenja tro\u0161kova i pove\u0107anja prihoda od imovine u vlasni\u0161tvu dveju lokalnih samouprava.<\/p>\n<p>Posle nekoliko meseci otkako je sporazum izme\u0111u Grada Ni\u0161a i Op\u0161tine \u0106uprija potpisan, mogu da ka\u017eem da je Op\u0161tina \u0106uprija na jednom dobrom putu. Mi smo za ovo vreme sastavili spisak od 13 objekata povr\u0161ine 4 hiljade kvadratnih metara koji \u0107e biti legalizovani i ozakonjeni kroz ovaj projekat. Tu \u0107e biti obuhva\u0107eni vrti\u0107i u na\u0161oj op\u0161tini, streljana koja ve\u0107 dugo vremena ima problem sa ozakonjenjem, tu su i neke zgrade administracije, a zbog ovog projekta uposlili smo i dva lica koja rade u Javnom pravobranila\u0161tvu i koja se bave evidentiranjem i prikupljanjem podataka u smislu popisa javne imovine, zbog \u010dega je ovaj projekat i osmi\u0161ljen \u2013 rekla je, izme\u0111u ostalog, Svetlana Kosti\u0107, pomo\u0107nica predsednika Op\u0161tine \u0106uprija, koja je i koordinatorka timova za uvo\u0111enje GIS u centralnoj op\u0161tini Pomoravlja.<\/p>\n<p>Na konferenciji su u\u010destvovali i Ivan Pavlovi\u0107 i Ana Radovanovi\u0107 iz Grada Ni\u0161a, koji su podvukli zna\u010daj GIS u pobolj\u0161anju prihoda jedinice lokalne samouprave i istakli dobru saradnju koju Grad Ni\u0161, kao nosilac ovog projekta, ima sa svima koji u \u0106upriji rade na uvo\u0111enju geografsko informacionog sistema.<\/p>\n<p>Ina\u010de, projekat \u201eEfikasno i efektivno upravljanje imovinom u Ni\u0161u i \u0106upriji kroz uvo\u0111enje Geografsko informacionog sistema\u201c, realizuje se u partnerstvu izme\u0111u Grada Ni\u0161a i Op\u0161tine \u0106uprija, sa ciljem pove\u0107anja efikasnosti i transparentnosti javne uprave kroz unapre\u0111enje upravljanja imovinom. Projekat vredan ne\u0161to vi\u0161e od 220 hiljada evra, realizuje se u okviru Programa Exchange 5, koji finansira Evropska unija, a sprovodi ga Ministarstvo dr\u017eavne uprave i lokalne samouprave u saradnji sa Stalnom konferencijom gradova i op\u0161tina, kao implementacionim partnerom. Telo za ugovaranje svih projekata grant \u0161eme je Ministarstvo finansija, odnosno Sektor za ugovaranje i finansiranje programa iz sredstava Evropske unije.<\/p>\n<p>&nbsp;<\/p>\n","protected":false},"excerpt":{"rendered":"<p>\u0106UPRIJA- Na konferencija za novinare, koja je povodom realizacije projekta \u201eEfikasno i efektivno upravljanje imovinom u Ni\u0161u i \u0106upriji kroz uvo\u0111enje geografsko informacionog sistema\u201c danas &hellip; <\/p>\n","protected":false},"author":2,"featured_media":20904,"comment_status":"open","ping_status":"open","sticky":false,"template":"","format":"standard","meta":{"footnotes":""},"categories":[1515,14,1524,2,887,12],"tags":[44,3342,4150,4151],"_links":{"self":[{"href":"https:\/\/centralmedia.rs\/index.php\/wp-json\/wp\/v2\/posts\/20903"}],"collection":[{"href":"https:\/\/centralmedia.rs\/index.php\/wp-json\/wp\/v2\/posts"}],"about":[{"href":"https:\/\/centralmedia.rs\/index.php\/wp-json\/wp\/v2\/types\/post"}],"author":[{"embeddable":true,"href":"https:\/\/centralmedia.rs\/index.php\/wp-json\/wp\/v2\/users\/2"}],"replies":[{"embeddable":true,"href":"https:\/\/centralmedia.rs\/index.php\/wp-json\/wp\/v2\/comments?post=20903"}],"version-history":[{"count":1,"href":"https:\/\/centralmedia.rs\/index.php\/wp-json\/wp\/v2\/posts\/20903\/revisions"}],"predecessor-version":[{"id":20905,"href":"https:\/\/centralmedia.rs\/index.php\/wp-json\/wp\/v2\/posts\/20903\/revisions\/20905"}],"wp:featuredmedia":[{"embeddable":true,"href":"https:\/\/centralmedia.rs\/index.php\/wp-json\/wp\/v2\/media\/20904"}],"wp:attachment":[{"href":"https:\/\/centralmedia.rs\/index.php\/wp-json\/wp\/v2\/media?parent=20903"}],"wp:term":[{"taxonomy":"category","embeddable":true,"href":"https:\/\/centralmedia.rs\/index.php\/wp-json\/wp\/v2\/categories?post=20903"},{"taxonomy":"post_tag","embeddable":true,"href":"https:\/\/centralmedia.rs\/index.php\/wp-json\/wp\/v2\/tags?post=20903"}],"curies":[{"name":"wp","href":"https:\/\/api.w.org\/{rel}","templated":true}]}}