{"id":20906,"date":"2019-10-22T19:36:36","date_gmt":"2019-10-22T19:36:36","guid":{"rendered":"http:\/\/centralmedia.rs\/?p=20906"},"modified":"2019-10-28T16:13:58","modified_gmt":"2019-10-28T16:13:58","slug":"prva-opstina-u-srbiji-sa-izgradenom-infrastrukturom-u-prigradskim-naseljima-asfalt-u-zickoj","status":"publish","type":"post","link":"https:\/\/centralmedia.rs\/index.php\/2019\/10\/22\/prva-opstina-u-srbiji-sa-izgradenom-infrastrukturom-u-prigradskim-naseljima-asfalt-u-zickoj\/","title":{"rendered":"PRVA OP\u0160TINA U SRBIJI SA IZGRA\u0110ENOM INFRASTRUKTUROM U PRIGRADSKIM NASELJIMA &#8211; Asfalt u \u017di\u010dkoj"},"content":{"rendered":"<p>PARA\u0106IN-U nastavku zavr\u0161etka \u00a0izgradnje infrastrukture u prigradskim naseljima u Para\u0107inu asfaltirana je \u017di\u010dka ulica. Predhodno su, kao i u nizu ulica, zavr\u0161ene izgradnja kanalizacione i vodovodne mre\u017ee.<\/p>\n<p>&#8211; Jo\u0161 nekoliko ulica u naselju treba asfaltirati u narednih godinu ili godinu i po dana, pre toga uradili smo vodovodnu i kanalizacionu mre\u017eu. Kona\u010dno u \u017di\u010dkoj ulici je asfalt i to je prva ulica u ovom kraju, ali bi\u0107e jo\u0161 toga u narednim mesecima. Imamo dosta asfaltiranih ulica u prigradskim naseljeima, kao \u0161to su Cara Du\u0161ana BB, u Ribnici, \u0160ava\u010dkoj u Dankovu, radi se Moravska u naselju \u017dabare, bilo je asfaltianja na Kara\u0111or\u0111evom brdu, a imamo jo\u0161 nekoliko prilaza ili prolaza, ulica koje smo ugovorili ali izvo\u0111a\u010di radova nisu uspeli da zavr\u0161e posao i bi\u0107e to gotovo ove jeseni ili na prole\u0107e. Veliki poslovi u prigradskim naseljima bi\u0107e zavr\u0161eni za godinu ili dve, a posle toga mo\u0107i\u0107emo da ka\u017eemo da su sve ulice u prigradskim naseljima imaju vodovod, kanalizaciju i asfaltni kolovoz. Bi\u0107emo prva op\u0161tina u Srbiji, ove veli\u010dine, koja \u0107e mo\u0107i da ka\u017ee da su zavr\u0161eni poslovi osnovne infrastrukture u prigradskim naseljima, rekao je predsednik te op\u0161tine Sa\u0161a Paunovi\u0107.<\/p>\n<div id='gallery-1' class='gallery galleryid-20906 gallery-columns-3 gallery-size-full'><figure class='gallery-item'>\n\t\t\t<div class='gallery-icon landscape'>\n\t\t\t\t<a href='https:\/\/centralmedia.rs\/index.php\/2019\/10\/22\/prva-opstina-u-srbiji-sa-izgradenom-infrastrukturom-u-prigradskim-naseljima-asfalt-u-zickoj\/zicka-a1\/'><img loading=\"lazy\" decoding=\"async\" width=\"2048\" height=\"1152\" src=\"https:\/\/centralmedia.rs\/wp-content\/uploads\/2019\/10\/zicka-a1.jpg\" class=\"attachment-full size-full\" alt=\"\" srcset=\"https:\/\/centralmedia.rs\/wp-content\/uploads\/2019\/10\/zicka-a1.jpg 2048w, https:\/\/centralmedia.rs\/wp-content\/uploads\/2019\/10\/zicka-a1-300x169.jpg 300w, https:\/\/centralmedia.rs\/wp-content\/uploads\/2019\/10\/zicka-a1-768x432.jpg 768w, https:\/\/centralmedia.rs\/wp-content\/uploads\/2019\/10\/zicka-a1-1024x576.jpg 1024w, https:\/\/centralmedia.rs\/wp-content\/uploads\/2019\/10\/zicka-a1-747x420.jpg 747w, https:\/\/centralmedia.rs\/wp-content\/uploads\/2019\/10\/zicka-a1-640x360.jpg 640w, https:\/\/centralmedia.rs\/wp-content\/uploads\/2019\/10\/zicka-a1-681x383.jpg 681w\" sizes=\"(max-width: 2048px) 100vw, 2048px\" \/><\/a>\n\t\t\t<\/div><\/figure><figure class='gallery-item'>\n\t\t\t<div class='gallery-icon landscape'>\n\t\t\t\t<a href='https:\/\/centralmedia.rs\/index.php\/2019\/10\/22\/prva-opstina-u-srbiji-sa-izgradenom-infrastrukturom-u-prigradskim-naseljima-asfalt-u-zickoj\/zicka-a2\/'><img loading=\"lazy\" decoding=\"async\" width=\"1312\" height=\"640\" src=\"https:\/\/centralmedia.rs\/wp-content\/uploads\/2019\/10\/zicka-a2.jpg\" class=\"attachment-full size-full\" alt=\"\" srcset=\"https:\/\/centralmedia.rs\/wp-content\/uploads\/2019\/10\/zicka-a2.jpg 1312w, https:\/\/centralmedia.rs\/wp-content\/uploads\/2019\/10\/zicka-a2-300x146.jpg 300w, https:\/\/centralmedia.rs\/wp-content\/uploads\/2019\/10\/zicka-a2-768x375.jpg 768w, https:\/\/centralmedia.rs\/wp-content\/uploads\/2019\/10\/zicka-a2-1024x500.jpg 1024w, https:\/\/centralmedia.rs\/wp-content\/uploads\/2019\/10\/zicka-a2-861x420.jpg 861w, https:\/\/centralmedia.rs\/wp-content\/uploads\/2019\/10\/zicka-a2-640x312.jpg 640w, https:\/\/centralmedia.rs\/wp-content\/uploads\/2019\/10\/zicka-a2-681x332.jpg 681w\" sizes=\"(max-width: 1312px) 100vw, 1312px\" \/><\/a>\n\t\t\t<\/div><\/figure><figure class='gallery-item'>\n\t\t\t<div class='gallery-icon landscape'>\n\t\t\t\t<a href='https:\/\/centralmedia.rs\/index.php\/2019\/10\/22\/prva-opstina-u-srbiji-sa-izgradenom-infrastrukturom-u-prigradskim-naseljima-asfalt-u-zickoj\/zicka-a3\/'><img loading=\"lazy\" decoding=\"async\" width=\"2048\" height=\"1152\" src=\"https:\/\/centralmedia.rs\/wp-content\/uploads\/2019\/10\/zicka-a3.jpg\" class=\"attachment-full size-full\" alt=\"\" srcset=\"https:\/\/centralmedia.rs\/wp-content\/uploads\/2019\/10\/zicka-a3.jpg 2048w, https:\/\/centralmedia.rs\/wp-content\/uploads\/2019\/10\/zicka-a3-300x169.jpg 300w, https:\/\/centralmedia.rs\/wp-content\/uploads\/2019\/10\/zicka-a3-768x432.jpg 768w, https:\/\/centralmedia.rs\/wp-content\/uploads\/2019\/10\/zicka-a3-1024x576.jpg 1024w, https:\/\/centralmedia.rs\/wp-content\/uploads\/2019\/10\/zicka-a3-747x420.jpg 747w, https:\/\/centralmedia.rs\/wp-content\/uploads\/2019\/10\/zicka-a3-640x360.jpg 640w, https:\/\/centralmedia.rs\/wp-content\/uploads\/2019\/10\/zicka-a3-681x383.jpg 681w\" sizes=\"(max-width: 2048px) 100vw, 2048px\" \/><\/a>\n\t\t\t<\/div><\/figure>\n\t\t<\/div>\n\n","protected":false},"excerpt":{"rendered":"<p>PARA\u0106IN-U nastavku zavr\u0161etka \u00a0izgradnje infrastrukture u prigradskim naseljima u Para\u0107inu asfaltirana je \u017di\u010dka ulica. Predhodno su, kao i u nizu ulica, zavr\u0161ene izgradnja kanalizacione i &hellip; <\/p>\n","protected":false},"author":2,"featured_media":20907,"comment_status":"open","ping_status":"open","sticky":false,"template":"","format":"standard","meta":{"footnotes":""},"categories":[1524,2,1516,887,16,12],"tags":[1128,156,4152],"_links":{"self":[{"href":"https:\/\/centralmedia.rs\/index.php\/wp-json\/wp\/v2\/posts\/20906"}],"collection":[{"href":"https:\/\/centralmedia.rs\/index.php\/wp-json\/wp\/v2\/posts"}],"about":[{"href":"https:\/\/centralmedia.rs\/index.php\/wp-json\/wp\/v2\/types\/post"}],"author":[{"embeddable":true,"href":"https:\/\/centralmedia.rs\/index.php\/wp-json\/wp\/v2\/users\/2"}],"replies":[{"embeddable":true,"href":"https:\/\/centralmedia.rs\/index.php\/wp-json\/wp\/v2\/comments?post=20906"}],"version-history":[{"count":1,"href":"https:\/\/centralmedia.rs\/index.php\/wp-json\/wp\/v2\/posts\/20906\/revisions"}],"predecessor-version":[{"id":20911,"href":"https:\/\/centralmedia.rs\/index.php\/wp-json\/wp\/v2\/posts\/20906\/revisions\/20911"}],"wp:featuredmedia":[{"embeddable":true,"href":"https:\/\/centralmedia.rs\/index.php\/wp-json\/wp\/v2\/media\/20907"}],"wp:attachment":[{"href":"https:\/\/centralmedia.rs\/index.php\/wp-json\/wp\/v2\/media?parent=20906"}],"wp:term":[{"taxonomy":"category","embeddable":true,"href":"https:\/\/centralmedia.rs\/index.php\/wp-json\/wp\/v2\/categories?post=20906"},{"taxonomy":"post_tag","embeddable":true,"href":"https:\/\/centralmedia.rs\/index.php\/wp-json\/wp\/v2\/tags?post=20906"}],"curies":[{"name":"wp","href":"https:\/\/api.w.org\/{rel}","templated":true}]}}