{"id":2091,"date":"2016-02-13T07:01:17","date_gmt":"2016-02-13T07:01:17","guid":{"rendered":"http:\/\/centralmedia.rs\/?p=2091"},"modified":"2016-02-13T07:01:17","modified_gmt":"2016-02-13T07:01:17","slug":"u-rudnicima-uglja-resavica-treci-dan-strajka","status":"publish","type":"post","link":"https:\/\/centralmedia.rs\/index.php\/2016\/02\/13\/u-rudnicima-uglja-resavica-treci-dan-strajka\/","title":{"rendered":"U RUDNICIMA UGLJA RESAVICA &#8211; TRE\u0106I DAN \u0160TRAJKA"},"content":{"rendered":"<p>RESAVICA-Tre\u0107i dan rudari devet jamskih rudnika uglja JP Resavica nastavili su sa jedno\u010dasovnim \u0161trajkom upozorenja pre po\u010detka svake smene, a kraj tog protesta bi\u0107e veliko okupljanje rudara i kompletna obustava proizvodnje ili re\u0161avanje problema na sastancima u ministarstvima Vlade Srbije. Sindikalni lideri ju\u010de u policiji prijavili veliki protest u Senjskom rudniku za 19 februar.<br \/>\n\t-Kasni nam isplata zarada, zbog toga \u0161to EPS ne preuzima i ne pla\u0107a na\u0161 uglja. Banke nas upozoravaju na redovno izmirenje rata, ako se ovako nastavi nema nam druge nego na ulicu, ka\u017ee kopa\u010d iz jame Vodna Milan Gruji\u0107.<br \/>\nOko 4.100 zaposlenih u devet rudnika uglja u Srbiji tokom \u0161trajka upozorenja borave u svojim firmama, a po isteku vremena predvi\u0111enog za protest, nastavlaju sa radom.<br \/>\n\t-Na\u0161i zahveti su egzistencija i \u017eivot. Ne\u0107emo se odre\u0107i nadoknade za smenski rad, to smo zaradili po zakonu i to je sud presudio. O\u010dekujemo da \u0161a rad bude pla\u0107en, isti\u010de kopa\u010d iz Resavice Zoran Gruji\u0107.<br \/>\n  <a href=\"https:\/\/centralmedia.rs\/wp-content\/uploads\/2016\/02\/strajak-rudara-2-resavica-g.j..jpg\" rel=\"attachment wp-att-2093\"><img loading=\"lazy\" decoding=\"async\" src=\"https:\/\/centralmedia.rs\/wp-content\/uploads\/2016\/02\/strajak-rudara-2-resavica-g.j.-300x169.jpg\" alt=\"strajak rudara 2-resavica-g.j.\" width=\"300\" height=\"169\" class=\"alignnone size-medium wp-image-2093\" srcset=\"https:\/\/centralmedia.rs\/wp-content\/uploads\/2016\/02\/strajak-rudara-2-resavica-g.j.-300x169.jpg 300w, https:\/\/centralmedia.rs\/wp-content\/uploads\/2016\/02\/strajak-rudara-2-resavica-g.j.-768x432.jpg 768w, https:\/\/centralmedia.rs\/wp-content\/uploads\/2016\/02\/strajak-rudara-2-resavica-g.j..jpg 960w\" sizes=\"(max-width: 300px) 100vw, 300px\" \/><\/a><br \/>\nSindikalni lideri rudara najavlju da \u0107e \u0161trajkovi upozorenja do 18. februara i da \u0107e dalje \u0161trajka\u010dke aktivnosti zavisiti od sastanaka u ministarstvima Vlade Srbije koji su dogovoreni za 17. i 18. februar.<br \/>\n-Ukoliko na\u0161i zahtevi budu ispunjeni odusta\u0107emo od daljih \u0161trajka\u010dkih aktivnosti, a ako postoje\u0107i problemi ne budu re\u0161eni pozitivno po radnike, stupi\u0107emo u generalni \u0161trajk i totalnu obustavu rada, nagla\u0161ava predsednik Sindikata Resavice Neboj\u0161a Milenkovi\u0107.<br \/>\nOn je dodao da je sa direktorom EPS Aleksandrom Obradovi\u0107em dogovorena  isporuke uglja u koli\u010dinama koje su predvi\u0111ene njihovim godi\u0161njim programom poslovanja, kao i da je predvi\u0111en sastanak sa ministrima Anti\u0107em, Serti\u0107em, Vujovi\u0107em i Vulinom, posle \u010dega \u0107e biti doneta odluka o daljim \u0161trajka\u010dkim aktivnsotima.<br \/>\nPrema algoritmu \u0161trajka, rudari su za 19  februar zakazali veliki protest svih rudara u Srbiji u Senjskom rudniku, a zatim i kompletnu obustavu proizvodnje i zahtev za sastanak sa premijerom Aleksandrom Vu\u010di\u0107em. <\/p>\n","protected":false},"excerpt":{"rendered":"<p>RESAVICA-Tre\u0107i dan rudari devet jamskih rudnika uglja JP Resavica nastavili su sa jedno\u010dasovnim \u0161trajkom upozorenja pre po\u010detka svake smene, a kraj tog protesta bi\u0107e veliko &hellip; <\/p>\n","protected":false},"author":4,"featured_media":2092,"comment_status":"open","ping_status":"open","sticky":false,"template":"","format":"standard","meta":{"footnotes":""},"categories":[22,2,12],"tags":[53,52,211],"_links":{"self":[{"href":"https:\/\/centralmedia.rs\/index.php\/wp-json\/wp\/v2\/posts\/2091"}],"collection":[{"href":"https:\/\/centralmedia.rs\/index.php\/wp-json\/wp\/v2\/posts"}],"about":[{"href":"https:\/\/centralmedia.rs\/index.php\/wp-json\/wp\/v2\/types\/post"}],"author":[{"embeddable":true,"href":"https:\/\/centralmedia.rs\/index.php\/wp-json\/wp\/v2\/users\/4"}],"replies":[{"embeddable":true,"href":"https:\/\/centralmedia.rs\/index.php\/wp-json\/wp\/v2\/comments?post=2091"}],"version-history":[{"count":0,"href":"https:\/\/centralmedia.rs\/index.php\/wp-json\/wp\/v2\/posts\/2091\/revisions"}],"wp:featuredmedia":[{"embeddable":true,"href":"https:\/\/centralmedia.rs\/index.php\/wp-json\/wp\/v2\/media\/2092"}],"wp:attachment":[{"href":"https:\/\/centralmedia.rs\/index.php\/wp-json\/wp\/v2\/media?parent=2091"}],"wp:term":[{"taxonomy":"category","embeddable":true,"href":"https:\/\/centralmedia.rs\/index.php\/wp-json\/wp\/v2\/categories?post=2091"},{"taxonomy":"post_tag","embeddable":true,"href":"https:\/\/centralmedia.rs\/index.php\/wp-json\/wp\/v2\/tags?post=2091"}],"curies":[{"name":"wp","href":"https:\/\/api.w.org\/{rel}","templated":true}]}}