{"id":20930,"date":"2019-10-25T06:55:00","date_gmt":"2019-10-25T06:55:00","guid":{"rendered":"http:\/\/centralmedia.rs\/?p=20930"},"modified":"2019-11-04T19:16:38","modified_gmt":"2019-11-04T19:16:38","slug":"paunovic-dr-vlada-podlegao-pretnjama-na-fotografiji-lice-coveka-kome-je-neprijatno","status":"publish","type":"post","link":"https:\/\/centralmedia.rs\/index.php\/2019\/10\/25\/paunovic-dr-vlada-podlegao-pretnjama-na-fotografiji-lice-coveka-kome-je-neprijatno\/","title":{"rendered":"PAUNOVI\u0106: ,,DR VLADA PODLEGAO PRETNJAMA, NA FOTOGRAFIJI LICE \u010cOVEKA KOME JE NEPRIJATNO&#8221;"},"content":{"rendered":"<p>PARA\u0106IN- \u201cDoktor Vlada bi bio mnogo slobodniji \u010dovek u pritvoru u Kraljevu,\u010dega se pla\u0161io, nego danas posle fotografisanja u Srpskoj naprednoj stranci. Po\u0161tujem rad dr Dimitrijevi\u0107a kao lekara, ali kao \u010dovek koji se bavio politikom i dru\u0161tvenim radom, veliko je razo\u010darenje, rekao je predsednik te op\u0161tine i zamenik predsednika DS Sa\u0161a Paunovi\u0107, povodom prelaska dr Vladana Dimitrijevi\u0107a u SNS. On je predhodno podneo ostavku u Op\u0161tinskom ve\u0107u i bio na izbornoj listi koju je predvodio Paunovi\u0107 2016. godine.<br \/>\n-Fotografija dr Vladana Dimitrijevi\u0107a u povreni\u0161tvu SNS, u \u010dvrstom stisku onih koji su ve\u0107 preletali, nije iznenadile ljude koji su ga do ju\u010de smatrali saradnikom i kolegom. Na licu dr Dimitrijevi\u0107a najmanje se vidi sre\u0107a i vera u politiku stranke u koju je u\u0161ao, pre bi se reklo da mu je \u2013 neprijatno i da ne \u017eeli da ga fotografi\u0161u, eli eto mora. Dr Vlada nije objasnio ni javnosti, ni doju\u010dera\u0161njim saradnicima svoju odluku, niti izneo stavove zbog kojih je doneo ovakvu odluku, rekao je Raunovi\u0107 i dodao da je bio upoznat sa pritiscima, pretnjama koje je dobijao dr Dimitrijevi\u0107 te da mu je on li\u010dno to pri\u010dao, ali da ni jednog trenutka nije \u017eeleo da iza\u0111e u javnost sa doga\u0111ajima koji su prethodili njegovom prelasku u SNS.<\/p>\n<p>-Dr Vlada se najvi\u0161e pla\u0161io pretnji da \u0107e \u201eneki ljudi\u201c istra\u017eivati njegov rad kao lekara i slu\u010dajeve koje je vodio. Zbog \u010dega, samo dr Dimitrijevi\u0107 to zna. Da mu je pre\u0107eno i da je ucenjivan, potvrdio je i njegov dugodi\u0161nji prijatelj i kom\u0161ija, dodao je Paunovi\u0107.<\/p>\n<p><img loading=\"lazy\" decoding=\"async\" class=\"alignnone wp-image-20939 size-full\" src=\"http:\/\/centralmedia.rs\/wp-content\/uploads\/2019\/10\/sns.jpg\" alt=\"\" width=\"720\" height=\"960\" srcset=\"https:\/\/centralmedia.rs\/wp-content\/uploads\/2019\/10\/sns.jpg 720w, https:\/\/centralmedia.rs\/wp-content\/uploads\/2019\/10\/sns-225x300.jpg 225w, https:\/\/centralmedia.rs\/wp-content\/uploads\/2019\/10\/sns-315x420.jpg 315w, https:\/\/centralmedia.rs\/wp-content\/uploads\/2019\/10\/sns-640x853.jpg 640w, https:\/\/centralmedia.rs\/wp-content\/uploads\/2019\/10\/sns-681x908.jpg 681w\" sizes=\"(max-width: 720px) 100vw, 720px\" \/><\/p>\n<p>Iz povreni\u0161tva SNS su saop\u0161tili da je ta stranka ,,ja\u010da za jo\u0161 jedno veliko ime, Dr Vladan Dimitrijevi\u0107, poznati kardiolog iz na\u0161eg grada, \u010dovek koji je svojim ljudskim i profesionalnim kvalitetima ve\u0107 sada ostavio veliki trag, postao je deo tima koji \u0107e pokrenuti Para\u0107in i obezbediti mu budu\u0107nost kakvu zaslu\u017euje. Izuzetno nam je zadovoljstvo \u0161to jedan ovakav \u010dovek, prepoznatljiv me\u0111u svojim pacijentima kao kvalitetan, savestan i privr\u017een stru\u010dnjak, sa nama deli viziju jednog druga\u010dijeg i boljeg Para\u0107ina.&#8221;<\/p>\n","protected":false},"excerpt":{"rendered":"<p>PARA\u0106IN- \u201cDoktor Vlada bi bio mnogo slobodniji \u010dovek u pritvoru u Kraljevu,\u010dega se pla\u0161io, nego danas posle fotografisanja u Srpskoj naprednoj stranci. Po\u0161tujem rad dr &hellip; <\/p>\n","protected":false},"author":2,"featured_media":19571,"comment_status":"open","ping_status":"open","sticky":false,"template":"","format":"standard","meta":{"footnotes":""},"categories":[1524,2,1516,13,887,12],"tags":[156,47,4156],"_links":{"self":[{"href":"https:\/\/centralmedia.rs\/index.php\/wp-json\/wp\/v2\/posts\/20930"}],"collection":[{"href":"https:\/\/centralmedia.rs\/index.php\/wp-json\/wp\/v2\/posts"}],"about":[{"href":"https:\/\/centralmedia.rs\/index.php\/wp-json\/wp\/v2\/types\/post"}],"author":[{"embeddable":true,"href":"https:\/\/centralmedia.rs\/index.php\/wp-json\/wp\/v2\/users\/2"}],"replies":[{"embeddable":true,"href":"https:\/\/centralmedia.rs\/index.php\/wp-json\/wp\/v2\/comments?post=20930"}],"version-history":[{"count":6,"href":"https:\/\/centralmedia.rs\/index.php\/wp-json\/wp\/v2\/posts\/20930\/revisions"}],"predecessor-version":[{"id":20942,"href":"https:\/\/centralmedia.rs\/index.php\/wp-json\/wp\/v2\/posts\/20930\/revisions\/20942"}],"wp:featuredmedia":[{"embeddable":true,"href":"https:\/\/centralmedia.rs\/index.php\/wp-json\/wp\/v2\/media\/19571"}],"wp:attachment":[{"href":"https:\/\/centralmedia.rs\/index.php\/wp-json\/wp\/v2\/media?parent=20930"}],"wp:term":[{"taxonomy":"category","embeddable":true,"href":"https:\/\/centralmedia.rs\/index.php\/wp-json\/wp\/v2\/categories?post=20930"},{"taxonomy":"post_tag","embeddable":true,"href":"https:\/\/centralmedia.rs\/index.php\/wp-json\/wp\/v2\/tags?post=20930"}],"curies":[{"name":"wp","href":"https:\/\/api.w.org\/{rel}","templated":true}]}}