{"id":2095,"date":"2016-02-13T13:27:03","date_gmt":"2016-02-13T13:27:03","guid":{"rendered":"http:\/\/centralmedia.rs\/?p=2095"},"modified":"2016-02-14T08:56:11","modified_gmt":"2016-02-14T08:56:11","slug":"bidza-i-svilajnacki-naprednjaci-protiv-vlade-srbije","status":"publish","type":"post","link":"https:\/\/centralmedia.rs\/index.php\/2016\/02\/13\/bidza-i-svilajnacki-naprednjaci-protiv-vlade-srbije\/","title":{"rendered":"BID\u017dA I SVILAJNA\u010cKI NAPREDNJACI &#8211; PROTIV VLADE SRBIJE"},"content":{"rendered":"<p>SVILAJNAC-\u010clan Glavnog odbora SNS Dobrivoje Budimirovi\u0107 \u2013Bid\u017ea i svilajna\u010dki SNS pokrenuli su peticiju i najavili su podr\u0161ku tu\u017ebi protiv re\u0161enja Ministarstva poljoprivrede i za\u0161tite \u017eivotne sredine Vlade Srbije kojim se u tom gradu odobrava realizacija projekta  ,,autoklava za tretman medicinskog otpada\u201d zemunske firme Visan. Naprednjaci su organizovali protest i potpisivanje peticije u centru grada protiv izgradnje tog postrojenja, a oko stotinka gra\u0111ana je prisustvovalo  tom doga\u0111aju. U Visanu veruju da protest nema veze sa za\u0161titom \u017eivotne sredine i ekologijom, odnosno da loklani SNS protestima i peticijom politizuje tu temu i suprotstavlja odlukama sopstvene Vlade Srbije.<br \/>\n\t-Peticiju gra\u0111ana preda\u0107emo Ministarstvu poljoprivrede, Op\u0161tini Svilajnac i ostalim nadle\u017enim slu\u017ebama. O pokretanju upravnog spora protiv re\u0161enja ministarstva o davanju saglasnosti na ovaj projekat narednih dana odlu\u010di\u0107e saveti za zdravstvo i poljoprivredu SNS u saradnji sa Ekolo\u0161kim pokretom. Tu\u017ebu su najavili Ekolozi, a SNS ne mo\u017ee kao partija da se bavi time, ali najverovatnije narednih nedelja da\u0107emo podr\u0161ku, ka\u017ee predsednik svilajna\u010dkih Naprednjaka I \u010dlan GO te stranke Branislav Marinkovi\u0107, koji je pojasnio da ,,samo postrojenje nije problemati\u010dno, ali da je re\u010d o lokaciji objekta, kao i da ceo slu\u010daj sa davanjem pozitivnog re\u0161enja ima politi\u010dke konotacije\u201d.<br \/>\nIna\u010de, postrojenje za sterilisanje medicinskog otpada, poput \u0161priceva i gaza, treba da se nalazi se na lokaciji biv\u0161eg poligona Vojske Srbije, koju je op\u0161tina kupila pre \u0161est godina upravo za projekte iz komunalne delatnost, \u0161to su podr\u017eali i sada\u0161nji lideri SNS. Visanov pogon na toj lokaciji ve\u0107 proizvodi mamce za glodare, a tu je i recikla\u017eno dvori\u0161te lokalnog komunalnog preduze\u0107a.<br \/>\n\t-Posedujemo sve neophodne dozvole i saglasnosti za realizaciju projekta koji je po svim va\u017ee\u0107im doma\u0107im i evropskim standardima. Ministarsvo poljoprivrede je projekat proglasilo od strate\u0161ke va\u017enosti za Srbiju. Ispunili smo 101 odsto zakonskih zahteva.  Bolime \u0161to sam u dva navrata predsedniku SNS Marinkovi\u0107u, odnosno partiji koja je podr\u017eala Ekolo\u0161ki pokret, odneo sva dokumenta i li\u010dno sve objasnio. Me\u0111utim, na sajtu SNS stoje neistine, da ne ka\u017eem la\u017ei, o projektu Visana. Verujem da ovaj protest nema veze sa za\u0161titom \u017eivotne sredine i ekologijom, verovatno ima veza na ne\u010dim drugim, ali ja ne \u017eelim da upu\u0161tam u to, objasnio je vlasnik Visana prof dr Predrag \u0106ur\u010di\u0107.<br \/>\nProjekat je vredan 700 hiljada evra i mogao bi da uposli do 20 radnika na automatizovanim ma\u0161inama. Re\u010d je o postrojenju za sterilisanje medicinskog otpada koje sada zavr\u0161ava u kantama i na deponijama.<br \/>\nG.J.<\/p>\n<p>OVA DR\u017dAVA NEMA SMISLA<br \/>\n-Ovo je pri\u010da o nama i kako ova dr\u017eava nema smisla, kada neko u ministarstvu odobrava realizaciju ovakvog projketa. Taj projektat je ranije odbijen, a pre pet dana vlasnik je Visan je pokazao dozvolu. Jadna je ova zemlja, gde pojedinci mogu da odlu\u010duju bez skup\u0161tine op\u0161tine, bez stru\u010dnjaka, bez toga \u0161ta deci trebamo da ostavimo u budu\u0107nosti.  Ogroman broj ljudi koji sede u ministarstvu je zavr\u0161ilo fakultet Visan i sada neka ovaj narod oceni koliko su stru\u010dni. Gazda Visana je rekao svilajna\u010dkom predsedniku SNS da su mnogi bili njegovi \u0111aci i da su imali obavezu prema njemu, pri\u010da ogor\u010deni Budimirovi\u0107.<\/p>\n","protected":false},"excerpt":{"rendered":"<p>SVILAJNAC-\u010clan Glavnog odbora SNS Dobrivoje Budimirovi\u0107 \u2013Bid\u017ea i svilajna\u010dki SNS pokrenuli su peticiju i najavili su podr\u0161ku tu\u017ebi protiv re\u0161enja Ministarstva poljoprivrede i za\u0161tite \u017eivotne &hellip; <\/p>\n","protected":false},"author":4,"featured_media":2096,"comment_status":"open","ping_status":"open","sticky":false,"template":"","format":"standard","meta":{"footnotes":""},"categories":[20,2,12],"tags":[538,537,523,38],"_links":{"self":[{"href":"https:\/\/centralmedia.rs\/index.php\/wp-json\/wp\/v2\/posts\/2095"}],"collection":[{"href":"https:\/\/centralmedia.rs\/index.php\/wp-json\/wp\/v2\/posts"}],"about":[{"href":"https:\/\/centralmedia.rs\/index.php\/wp-json\/wp\/v2\/types\/post"}],"author":[{"embeddable":true,"href":"https:\/\/centralmedia.rs\/index.php\/wp-json\/wp\/v2\/users\/4"}],"replies":[{"embeddable":true,"href":"https:\/\/centralmedia.rs\/index.php\/wp-json\/wp\/v2\/comments?post=2095"}],"version-history":[{"count":0,"href":"https:\/\/centralmedia.rs\/index.php\/wp-json\/wp\/v2\/posts\/2095\/revisions"}],"wp:featuredmedia":[{"embeddable":true,"href":"https:\/\/centralmedia.rs\/index.php\/wp-json\/wp\/v2\/media\/2096"}],"wp:attachment":[{"href":"https:\/\/centralmedia.rs\/index.php\/wp-json\/wp\/v2\/media?parent=2095"}],"wp:term":[{"taxonomy":"category","embeddable":true,"href":"https:\/\/centralmedia.rs\/index.php\/wp-json\/wp\/v2\/categories?post=2095"},{"taxonomy":"post_tag","embeddable":true,"href":"https:\/\/centralmedia.rs\/index.php\/wp-json\/wp\/v2\/tags?post=2095"}],"curies":[{"name":"wp","href":"https:\/\/api.w.org\/{rel}","templated":true}]}}