{"id":20954,"date":"2019-10-25T14:32:20","date_gmt":"2019-10-25T14:32:20","guid":{"rendered":"http:\/\/centralmedia.rs\/?p=20954"},"modified":"2019-10-28T16:14:59","modified_gmt":"2019-10-28T16:14:59","slug":"pancir-s-sutra-na-poligonu-pasuljanske-livade","status":"publish","type":"post","link":"https:\/\/centralmedia.rs\/index.php\/2019\/10\/25\/pancir-s-sutra-na-poligonu-pasuljanske-livade\/","title":{"rendered":",,PANCIR S&#8221; SUTRA NA POLIGONU PASULJANSKE LIVADE"},"content":{"rendered":"<p>DESPOTOVAC- Komanda RV i PVO Vojske Srbije obavestila je stanovni\u0161tvo da \u0107e na poligonu Pasuljanske livade kod Despotovca izvoditi ga\u0111anje u subotu 26. oktobra od 12 do 15 sati. U to vreme zabranjeno je kretanje i zadr\u017eavanje ljudi i \u017eivotinja na poligonu. Re\u010d je o zajedni\u010dkoj takti\u010dkoj ve\u017ebi sa bojevim ga\u0111anjem raketnih jedinica PVO Vojske Srbije i Vazdu\u0161no-kosmi\u010dkih snaga Ruske Federacije \u201eSlovenski \u0161tit 2019.\u201c, koja se \u00a0odr\u017eava do ponedeljka se na teritoriji Srbije. U\u010destvuju divizion S-400 i baterija \u201ePancir S\u201cuz anga\u017eovanje i ostalih jedinica iz sastava RV i PVO Vojske Srbije . Kako je najavljeno, dejstva \u201ePancir S\u201c , koga je Srbija nabavila, prvi put \u0107e biti vi\u0111ena na Pasuljanskim livadama.<\/p>\n<p><img loading=\"lazy\" decoding=\"async\" class=\"alignnone wp-image-20956 size-large\" src=\"http:\/\/centralmedia.rs\/wp-content\/uploads\/2019\/10\/s-400-1024x576.jpg\" alt=\"\" width=\"640\" height=\"360\" srcset=\"https:\/\/centralmedia.rs\/wp-content\/uploads\/2019\/10\/s-400-1024x576.jpg 1024w, https:\/\/centralmedia.rs\/wp-content\/uploads\/2019\/10\/s-400-300x169.jpg 300w, https:\/\/centralmedia.rs\/wp-content\/uploads\/2019\/10\/s-400-768x432.jpg 768w, https:\/\/centralmedia.rs\/wp-content\/uploads\/2019\/10\/s-400-747x420.jpg 747w, https:\/\/centralmedia.rs\/wp-content\/uploads\/2019\/10\/s-400-640x360.jpg 640w, https:\/\/centralmedia.rs\/wp-content\/uploads\/2019\/10\/s-400-681x383.jpg 681w, https:\/\/centralmedia.rs\/wp-content\/uploads\/2019\/10\/s-400.jpg 1384w\" sizes=\"(max-width: 640px) 100vw, 640px\" \/><\/p>\n<p>Najsavremniji sistemi PVO \u0107e u\u010destvovati u drugoj fazi zajedni\u010dkih vojnih ve\u017ebi \u201eSlovenski \u0161tit 2019.\u201c. Ovo je\u00a0prvi put da\u00a0divizion S-400\u00a0i sistem \u201ePancir S\u201c u\u010destvuju u vojnim ve\u017ebama na teritoriji strane dr\u017eave, saop\u0161teno je iz Ministarstva odbrane Rusije.<\/p>\n","protected":false},"excerpt":{"rendered":"<p>DESPOTOVAC- Komanda RV i PVO Vojske Srbije obavestila je stanovni\u0161tvo da \u0107e na poligonu Pasuljanske livade kod Despotovca izvoditi ga\u0111anje u subotu 26. oktobra od &hellip; <\/p>\n","protected":false},"author":2,"featured_media":20955,"comment_status":"open","ping_status":"open","sticky":false,"template":"","format":"standard","meta":{"footnotes":""},"categories":[1518,14,2,887,12],"tags":[51,4158,390,141,1112],"_links":{"self":[{"href":"https:\/\/centralmedia.rs\/index.php\/wp-json\/wp\/v2\/posts\/20954"}],"collection":[{"href":"https:\/\/centralmedia.rs\/index.php\/wp-json\/wp\/v2\/posts"}],"about":[{"href":"https:\/\/centralmedia.rs\/index.php\/wp-json\/wp\/v2\/types\/post"}],"author":[{"embeddable":true,"href":"https:\/\/centralmedia.rs\/index.php\/wp-json\/wp\/v2\/users\/2"}],"replies":[{"embeddable":true,"href":"https:\/\/centralmedia.rs\/index.php\/wp-json\/wp\/v2\/comments?post=20954"}],"version-history":[{"count":1,"href":"https:\/\/centralmedia.rs\/index.php\/wp-json\/wp\/v2\/posts\/20954\/revisions"}],"predecessor-version":[{"id":20957,"href":"https:\/\/centralmedia.rs\/index.php\/wp-json\/wp\/v2\/posts\/20954\/revisions\/20957"}],"wp:featuredmedia":[{"embeddable":true,"href":"https:\/\/centralmedia.rs\/index.php\/wp-json\/wp\/v2\/media\/20955"}],"wp:attachment":[{"href":"https:\/\/centralmedia.rs\/index.php\/wp-json\/wp\/v2\/media?parent=20954"}],"wp:term":[{"taxonomy":"category","embeddable":true,"href":"https:\/\/centralmedia.rs\/index.php\/wp-json\/wp\/v2\/categories?post=20954"},{"taxonomy":"post_tag","embeddable":true,"href":"https:\/\/centralmedia.rs\/index.php\/wp-json\/wp\/v2\/tags?post=20954"}],"curies":[{"name":"wp","href":"https:\/\/api.w.org\/{rel}","templated":true}]}}