{"id":20983,"date":"2019-10-28T20:07:47","date_gmt":"2019-10-28T20:07:47","guid":{"rendered":"http:\/\/centralmedia.rs\/?p=20983"},"modified":"2019-11-04T19:15:56","modified_gmt":"2019-11-04T19:15:56","slug":"pomoravski-naprednjaci-obelezili-svetu-petku","status":"publish","type":"post","link":"https:\/\/centralmedia.rs\/index.php\/2019\/10\/28\/pomoravski-naprednjaci-obelezili-svetu-petku\/","title":{"rendered":"POMORAVSKI NAPREDNJACI OBELE\u017dILI SVETU PETKU"},"content":{"rendered":"<p>\u0106UPRIJA- U pomoravskim odborima Srpske napredne stranke \u00a0rezanjem slavskog kola\u010da obele\u017eena je strana\u010dka slava Sveta Petka. Osim strana\u010dkih i gradskih funkcionera, proslavi su prisustvovali koalicioni partneri, predstavnici udru\u017eenja, direktori i vlasnici preduze\u0107a, kao i \u00a0aktivisti i simpatizeri stranke. U \u0106upriji je du\u017enost kola\u010dara Dejanu Risti\u0107u predao ovogodi\u0161nji doma\u0107in slave Ilija Paunovi\u0107.U Rekovcu kola\u010dar bio je predsednik Mesnog odbora u Kavadaru Vladimir Milo\u0161evi\u0107, dok \u0107e kola\u010dar za slede\u0107u godinu biti Zoran Vukoji\u010di\u0107 iz Lomnice. Novi kola\u010dar despotova\u010dkih naprednjaka je Nenad \u017divkovi\u0107. U Svilajncu je doma\u0107in slave, kola\u010dar bio Milorad \u017divkovi\u0107, predsednik MO SNS Rado\u0161in. Naredne godine kola\u010dar \u0107e biti poverenik MO Darko Milo\u0161evi\u0107 iz Troponja.<\/p>\n<div id='gallery-1' class='gallery galleryid-20983 gallery-columns-5 gallery-size-thumbnail'><figure class='gallery-item'>\n\t\t\t<div class='gallery-icon landscape'>\n\t\t\t\t<a href='https:\/\/centralmedia.rs\/index.php\/2019\/10\/28\/pomoravski-naprednjaci-obelezili-svetu-petku\/jagodina-sns\/'><img loading=\"lazy\" decoding=\"async\" width=\"150\" height=\"150\" src=\"https:\/\/centralmedia.rs\/wp-content\/uploads\/2019\/10\/jagodina-sns-150x150.jpg\" class=\"attachment-thumbnail size-thumbnail\" alt=\"\" \/><\/a>\n\t\t\t<\/div><\/figure><figure class='gallery-item'>\n\t\t\t<div class='gallery-icon landscape'>\n\t\t\t\t<a href='https:\/\/centralmedia.rs\/index.php\/2019\/10\/28\/pomoravski-naprednjaci-obelezili-svetu-petku\/jagodina-8\/'><img loading=\"lazy\" decoding=\"async\" width=\"150\" height=\"150\" src=\"https:\/\/centralmedia.rs\/wp-content\/uploads\/2019\/10\/jagodina-150x150.jpg\" class=\"attachment-thumbnail size-thumbnail\" alt=\"\" \/><\/a>\n\t\t\t<\/div><\/figure><figure class='gallery-item'>\n\t\t\t<div class='gallery-icon landscape'>\n\t\t\t\t<a href='https:\/\/centralmedia.rs\/index.php\/2019\/10\/28\/pomoravski-naprednjaci-obelezili-svetu-petku\/paracin-sns\/'><img loading=\"lazy\" decoding=\"async\" width=\"150\" height=\"150\" src=\"https:\/\/centralmedia.rs\/wp-content\/uploads\/2019\/10\/paracin-sns-150x150.jpg\" class=\"attachment-thumbnail size-thumbnail\" alt=\"\" \/><\/a>\n\t\t\t<\/div><\/figure><figure class='gallery-item'>\n\t\t\t<div class='gallery-icon landscape'>\n\t\t\t\t<a href='https:\/\/centralmedia.rs\/index.php\/2019\/10\/28\/pomoravski-naprednjaci-obelezili-svetu-petku\/sns-rekovac\/'><img loading=\"lazy\" decoding=\"async\" width=\"150\" height=\"150\" src=\"https:\/\/centralmedia.rs\/wp-content\/uploads\/2019\/10\/sns-rekovac-150x150.jpg\" class=\"attachment-thumbnail size-thumbnail\" alt=\"\" \/><\/a>\n\t\t\t<\/div><\/figure><figure class='gallery-item'>\n\t\t\t<div class='gallery-icon landscape'>\n\t\t\t\t<a href='https:\/\/centralmedia.rs\/index.php\/2019\/10\/28\/pomoravski-naprednjaci-obelezili-svetu-petku\/svilajnac-sns\/'><img loading=\"lazy\" decoding=\"async\" width=\"150\" height=\"150\" src=\"https:\/\/centralmedia.rs\/wp-content\/uploads\/2019\/10\/svilajnac-sns-150x150.jpg\" class=\"attachment-thumbnail size-thumbnail\" alt=\"\" \/><\/a>\n\t\t\t<\/div><\/figure>\n\t\t<\/div>\n\n<p>Predsednik Gradskog odbora SNS Jagodina, Nikola Radosavljevi\u0107 je po\u017eeleo sre\u0107nu slavu svim \u010dlanovima SNS, kao i gra\u0111anima koji slave. Ovogodi\u0161nji kola\u010dar dr Marko Boji\u0107, direktor Narodne biblioteke &#8220;Radislav Nik\u010devi\u0107&#8221;, predao je kola\u010d Emi Radisavljevi\u0107. U Para\u0107inu je ovogodi\u0161nji kola\u010dar i doma\u0107in bio \u00a0jedan od\u00a0poverenika Novica Markovi\u0107 i kola\u010d je predao poverenici Vesni Petrovi\u0107a.<\/p>\n<p>Foto: SNS<\/p>\n","protected":false},"excerpt":{"rendered":"<p>\u0106UPRIJA- U pomoravskim odborima Srpske napredne stranke \u00a0rezanjem slavskog kola\u010da obele\u017eena je strana\u010dka slava Sveta Petka. Osim strana\u010dkih i gradskih funkcionera, proslavi su prisustvovali koalicioni &hellip; <\/p>\n","protected":false},"author":2,"featured_media":20984,"comment_status":"open","ping_status":"open","sticky":false,"template":"","format":"standard","meta":{"footnotes":""},"categories":[1515,1518,14,1524,2,1514,1516,887,1519,12,1517],"tags":[537,352,2001,136,1258],"_links":{"self":[{"href":"https:\/\/centralmedia.rs\/index.php\/wp-json\/wp\/v2\/posts\/20983"}],"collection":[{"href":"https:\/\/centralmedia.rs\/index.php\/wp-json\/wp\/v2\/posts"}],"about":[{"href":"https:\/\/centralmedia.rs\/index.php\/wp-json\/wp\/v2\/types\/post"}],"author":[{"embeddable":true,"href":"https:\/\/centralmedia.rs\/index.php\/wp-json\/wp\/v2\/users\/2"}],"replies":[{"embeddable":true,"href":"https:\/\/centralmedia.rs\/index.php\/wp-json\/wp\/v2\/comments?post=20983"}],"version-history":[{"count":1,"href":"https:\/\/centralmedia.rs\/index.php\/wp-json\/wp\/v2\/posts\/20983\/revisions"}],"predecessor-version":[{"id":20990,"href":"https:\/\/centralmedia.rs\/index.php\/wp-json\/wp\/v2\/posts\/20983\/revisions\/20990"}],"wp:featuredmedia":[{"embeddable":true,"href":"https:\/\/centralmedia.rs\/index.php\/wp-json\/wp\/v2\/media\/20984"}],"wp:attachment":[{"href":"https:\/\/centralmedia.rs\/index.php\/wp-json\/wp\/v2\/media?parent=20983"}],"wp:term":[{"taxonomy":"category","embeddable":true,"href":"https:\/\/centralmedia.rs\/index.php\/wp-json\/wp\/v2\/categories?post=20983"},{"taxonomy":"post_tag","embeddable":true,"href":"https:\/\/centralmedia.rs\/index.php\/wp-json\/wp\/v2\/tags?post=20983"}],"curies":[{"name":"wp","href":"https:\/\/api.w.org\/{rel}","templated":true}]}}