{"id":21054,"date":"2019-10-31T19:01:23","date_gmt":"2019-10-31T19:01:23","guid":{"rendered":"http:\/\/centralmedia.rs\/?p=21054"},"modified":"2019-11-04T19:12:32","modified_gmt":"2019-11-04T19:12:32","slug":"kompletiran-odbrambeni-bedem-od-poplava","status":"publish","type":"post","link":"https:\/\/centralmedia.rs\/index.php\/2019\/10\/31\/kompletiran-odbrambeni-bedem-od-poplava\/","title":{"rendered":"KOMPLETIRAN ODBRAMBENI BEDEM OD POPLAVA"},"content":{"rendered":"<p>DESPOTOVAC- Zavr\u0161ena je izgradnja odbrambenog bedema od poplava na Resavi u Milivi kod Despotovca koji se nadovezuje na ve\u0107 postoje\u0107i deo i spaja sa gradskim. Da podsetimo, pomenuta deonica na Resavi godinama je bila problemati\u010dna ta\u010dka gde se reka pri ve\u0107im padavinama izlivala i me\u0161tanima pravila veliku \u0161tetu. Nosilac pojekta je Vlada Srbije, dok je op\u0161tina Despotovac je obezbedila prate\u0107u dokumentaciju sa gra\u0111evinskim dozvolama. Vrednost celokupnog projekta iznosi pribli\u017eno 35 miliona dinara.<\/p>\n<div id='gallery-1' class='gallery galleryid-21054 gallery-columns-4 gallery-size-full'><figure class='gallery-item'>\n\t\t\t<div class='gallery-icon landscape'>\n\t\t\t\t<a href='https:\/\/centralmedia.rs\/index.php\/2019\/10\/31\/kompletiran-odbrambeni-bedem-od-poplava\/miliva-3\/'><img loading=\"lazy\" decoding=\"async\" width=\"2048\" height=\"1536\" src=\"https:\/\/centralmedia.rs\/wp-content\/uploads\/2019\/10\/miliva-3.jpg\" class=\"attachment-full size-full\" alt=\"\" srcset=\"https:\/\/centralmedia.rs\/wp-content\/uploads\/2019\/10\/miliva-3.jpg 2048w, https:\/\/centralmedia.rs\/wp-content\/uploads\/2019\/10\/miliva-3-300x225.jpg 300w, https:\/\/centralmedia.rs\/wp-content\/uploads\/2019\/10\/miliva-3-768x576.jpg 768w, https:\/\/centralmedia.rs\/wp-content\/uploads\/2019\/10\/miliva-3-1024x768.jpg 1024w, https:\/\/centralmedia.rs\/wp-content\/uploads\/2019\/10\/miliva-3-560x420.jpg 560w, https:\/\/centralmedia.rs\/wp-content\/uploads\/2019\/10\/miliva-3-80x60.jpg 80w, https:\/\/centralmedia.rs\/wp-content\/uploads\/2019\/10\/miliva-3-100x75.jpg 100w, https:\/\/centralmedia.rs\/wp-content\/uploads\/2019\/10\/miliva-3-180x135.jpg 180w, https:\/\/centralmedia.rs\/wp-content\/uploads\/2019\/10\/miliva-3-238x178.jpg 238w, https:\/\/centralmedia.rs\/wp-content\/uploads\/2019\/10\/miliva-3-640x480.jpg 640w, https:\/\/centralmedia.rs\/wp-content\/uploads\/2019\/10\/miliva-3-681x511.jpg 681w\" sizes=\"(max-width: 2048px) 100vw, 2048px\" \/><\/a>\n\t\t\t<\/div><\/figure><figure class='gallery-item'>\n\t\t\t<div class='gallery-icon landscape'>\n\t\t\t\t<a href='https:\/\/centralmedia.rs\/index.php\/2019\/10\/31\/kompletiran-odbrambeni-bedem-od-poplava\/miliva1\/'><img loading=\"lazy\" decoding=\"async\" width=\"2048\" height=\"1536\" src=\"https:\/\/centralmedia.rs\/wp-content\/uploads\/2019\/10\/miliva1.jpg\" class=\"attachment-full size-full\" alt=\"\" srcset=\"https:\/\/centralmedia.rs\/wp-content\/uploads\/2019\/10\/miliva1.jpg 2048w, https:\/\/centralmedia.rs\/wp-content\/uploads\/2019\/10\/miliva1-300x225.jpg 300w, https:\/\/centralmedia.rs\/wp-content\/uploads\/2019\/10\/miliva1-768x576.jpg 768w, https:\/\/centralmedia.rs\/wp-content\/uploads\/2019\/10\/miliva1-1024x768.jpg 1024w, https:\/\/centralmedia.rs\/wp-content\/uploads\/2019\/10\/miliva1-560x420.jpg 560w, https:\/\/centralmedia.rs\/wp-content\/uploads\/2019\/10\/miliva1-80x60.jpg 80w, https:\/\/centralmedia.rs\/wp-content\/uploads\/2019\/10\/miliva1-100x75.jpg 100w, https:\/\/centralmedia.rs\/wp-content\/uploads\/2019\/10\/miliva1-180x135.jpg 180w, https:\/\/centralmedia.rs\/wp-content\/uploads\/2019\/10\/miliva1-238x178.jpg 238w, https:\/\/centralmedia.rs\/wp-content\/uploads\/2019\/10\/miliva1-640x480.jpg 640w, https:\/\/centralmedia.rs\/wp-content\/uploads\/2019\/10\/miliva1-681x511.jpg 681w\" sizes=\"(max-width: 2048px) 100vw, 2048px\" \/><\/a>\n\t\t\t<\/div><\/figure><figure class='gallery-item'>\n\t\t\t<div class='gallery-icon landscape'>\n\t\t\t\t<a href='https:\/\/centralmedia.rs\/index.php\/2019\/10\/31\/kompletiran-odbrambeni-bedem-od-poplava\/miliva2\/'><img loading=\"lazy\" decoding=\"async\" width=\"2048\" height=\"1536\" src=\"https:\/\/centralmedia.rs\/wp-content\/uploads\/2019\/10\/miliva2.jpg\" class=\"attachment-full size-full\" alt=\"\" srcset=\"https:\/\/centralmedia.rs\/wp-content\/uploads\/2019\/10\/miliva2.jpg 2048w, https:\/\/centralmedia.rs\/wp-content\/uploads\/2019\/10\/miliva2-300x225.jpg 300w, https:\/\/centralmedia.rs\/wp-content\/uploads\/2019\/10\/miliva2-768x576.jpg 768w, https:\/\/centralmedia.rs\/wp-content\/uploads\/2019\/10\/miliva2-1024x768.jpg 1024w, https:\/\/centralmedia.rs\/wp-content\/uploads\/2019\/10\/miliva2-560x420.jpg 560w, https:\/\/centralmedia.rs\/wp-content\/uploads\/2019\/10\/miliva2-80x60.jpg 80w, https:\/\/centralmedia.rs\/wp-content\/uploads\/2019\/10\/miliva2-100x75.jpg 100w, https:\/\/centralmedia.rs\/wp-content\/uploads\/2019\/10\/miliva2-180x135.jpg 180w, https:\/\/centralmedia.rs\/wp-content\/uploads\/2019\/10\/miliva2-238x178.jpg 238w, https:\/\/centralmedia.rs\/wp-content\/uploads\/2019\/10\/miliva2-640x480.jpg 640w, https:\/\/centralmedia.rs\/wp-content\/uploads\/2019\/10\/miliva2-681x511.jpg 681w\" sizes=\"(max-width: 2048px) 100vw, 2048px\" \/><\/a>\n\t\t\t<\/div><\/figure><figure class='gallery-item'>\n\t\t\t<div class='gallery-icon landscape'>\n\t\t\t\t<a href='https:\/\/centralmedia.rs\/index.php\/2019\/10\/31\/kompletiran-odbrambeni-bedem-od-poplava\/miliva3-2\/'><img loading=\"lazy\" decoding=\"async\" width=\"2048\" height=\"1536\" src=\"https:\/\/centralmedia.rs\/wp-content\/uploads\/2019\/10\/miliva3-1.jpg\" class=\"attachment-full size-full\" alt=\"\" srcset=\"https:\/\/centralmedia.rs\/wp-content\/uploads\/2019\/10\/miliva3-1.jpg 2048w, https:\/\/centralmedia.rs\/wp-content\/uploads\/2019\/10\/miliva3-1-300x225.jpg 300w, https:\/\/centralmedia.rs\/wp-content\/uploads\/2019\/10\/miliva3-1-768x576.jpg 768w, https:\/\/centralmedia.rs\/wp-content\/uploads\/2019\/10\/miliva3-1-1024x768.jpg 1024w, https:\/\/centralmedia.rs\/wp-content\/uploads\/2019\/10\/miliva3-1-560x420.jpg 560w, https:\/\/centralmedia.rs\/wp-content\/uploads\/2019\/10\/miliva3-1-80x60.jpg 80w, https:\/\/centralmedia.rs\/wp-content\/uploads\/2019\/10\/miliva3-1-100x75.jpg 100w, https:\/\/centralmedia.rs\/wp-content\/uploads\/2019\/10\/miliva3-1-180x135.jpg 180w, https:\/\/centralmedia.rs\/wp-content\/uploads\/2019\/10\/miliva3-1-238x178.jpg 238w, https:\/\/centralmedia.rs\/wp-content\/uploads\/2019\/10\/miliva3-1-640x480.jpg 640w, https:\/\/centralmedia.rs\/wp-content\/uploads\/2019\/10\/miliva3-1-681x511.jpg 681w\" sizes=\"(max-width: 2048px) 100vw, 2048px\" \/><\/a>\n\t\t\t<\/div><\/figure>\n\t\t<\/div>\n\n","protected":false},"excerpt":{"rendered":"<p>DESPOTOVAC- Zavr\u0161ena je izgradnja odbrambenog bedema od poplava na Resavi u Milivi kod Despotovca koji se nadovezuje na ve\u0107 postoje\u0107i deo i spaja sa gradskim. &hellip; <\/p>\n","protected":false},"author":2,"featured_media":21055,"comment_status":"open","ping_status":"open","sticky":false,"template":"","format":"standard","meta":{"footnotes":""},"categories":[1518,1524,2,887,16,12],"tags":[4168,51,4135],"_links":{"self":[{"href":"https:\/\/centralmedia.rs\/index.php\/wp-json\/wp\/v2\/posts\/21054"}],"collection":[{"href":"https:\/\/centralmedia.rs\/index.php\/wp-json\/wp\/v2\/posts"}],"about":[{"href":"https:\/\/centralmedia.rs\/index.php\/wp-json\/wp\/v2\/types\/post"}],"author":[{"embeddable":true,"href":"https:\/\/centralmedia.rs\/index.php\/wp-json\/wp\/v2\/users\/2"}],"replies":[{"embeddable":true,"href":"https:\/\/centralmedia.rs\/index.php\/wp-json\/wp\/v2\/comments?post=21054"}],"version-history":[{"count":1,"href":"https:\/\/centralmedia.rs\/index.php\/wp-json\/wp\/v2\/posts\/21054\/revisions"}],"predecessor-version":[{"id":21060,"href":"https:\/\/centralmedia.rs\/index.php\/wp-json\/wp\/v2\/posts\/21054\/revisions\/21060"}],"wp:featuredmedia":[{"embeddable":true,"href":"https:\/\/centralmedia.rs\/index.php\/wp-json\/wp\/v2\/media\/21055"}],"wp:attachment":[{"href":"https:\/\/centralmedia.rs\/index.php\/wp-json\/wp\/v2\/media?parent=21054"}],"wp:term":[{"taxonomy":"category","embeddable":true,"href":"https:\/\/centralmedia.rs\/index.php\/wp-json\/wp\/v2\/categories?post=21054"},{"taxonomy":"post_tag","embeddable":true,"href":"https:\/\/centralmedia.rs\/index.php\/wp-json\/wp\/v2\/tags?post=21054"}],"curies":[{"name":"wp","href":"https:\/\/api.w.org\/{rel}","templated":true}]}}