{"id":2109,"date":"2016-02-15T20:11:26","date_gmt":"2016-02-15T20:11:26","guid":{"rendered":"http:\/\/centralmedia.rs\/?p=2109"},"modified":"2016-02-15T20:11:26","modified_gmt":"2016-02-15T20:11:26","slug":"palma-js-pripada-visa-kvota-u-koaliciji","status":"publish","type":"post","link":"https:\/\/centralmedia.rs\/index.php\/2016\/02\/15\/palma-js-pripada-visa-kvota-u-koaliciji\/","title":{"rendered":"PALMA: JS PRIPADA VI\u0160A KVOTA U KOALICIJI"},"content":{"rendered":"<p>JAGODINA-Predsednik Jedinstvene Srbije Dragan Markovi\u0107-Palma danas je na strana\u010dkoj slavi Sretenje u Jagodini ocenio da \u0107e izbori u Srbiji biti odr\u017eani krajem aprila i dodao da ta stranka vodi pregovore sa SPS i PUPS oko dobijanja ve\u0107eg dela koalicionog ,,kola\u010da\u201d posle izbora.<br \/>\n\t-JS mnogo daje, ali malo tra\u017ei. Me\u0111utim,  Glavni odbor JS i na\u0161i funkcioneri ka\u017eu da mi malo vi\u0161e vredimo od ,,kola\u010da\u201d koji je smo dobili u koaliciji. Ovih vode se pregovori, ali siguran sam da prioritet ne\u0107e biti funkcije, ve\u0107 program. Izbori \u0107e najverovatnije biti odr\u017eani krajem aprila i o\u010dekujem koalicija SPS-PUPS-JS u punom sastvu biti na jednoj listi, rekao je Markovi\u0107 i najavio dobar rezultat koji \u0107e obezbediti u\u010de\u0161\u0107e u novoj vladi uz  dvotre\u0107insku podr\u0161ku u skup\u0161tini.<br \/>\n        On je podsetio da koalicija SPS-PUPS-JS traje do 2008 godine i ,,time se mo\u017eemo pohvaliti, jer smo jedina politi\u010dka grupacija koja trajale ovoliko na politi\u010dkoj sceni od po\u010detka vi\u0161estrana\u010dja\u201d.<br \/>\n\t-Treba da se vratimo izvornom programu na osnovu koga je nastala koalicija, a to je socijalna pravda, pomo\u0107 socijalno ugro\u017eenima, pomo\u0107 nezaposlenima i ugro\u017eenim kategorijama, naveo je Markovi\u0107 i istakao da je JS  partija  od velikog ugleda, jer je sve obe\u0107ano i realizovano, a u Skup\u0161tini Srbije podr\u0161ka je davana za sve ono \u0161to je dobro za gra\u0111ane.<br \/>\n        \u0160to se ti\u010de lokalnih izbora u Jagodina on je ustvrdio da \u0107e gra\u0111ani \u0107e odlu\u010diti o pobedniku izbora, a siguran je da \u0107e kriterijum biti dela.<br \/>\n\t-Do kraja godine o\u010dekujem jo\u0161  tri nova investitora u Jagodini, a o njima \u0107u pri\u010dati kada polo\u017eimo kament temeljac, zaklju\u010dio je Markovi\u0107.<\/p>\n","protected":false},"excerpt":{"rendered":"<p>JAGODINA-Predsednik Jedinstvene Srbije Dragan Markovi\u0107-Palma danas je na strana\u010dkoj slavi Sretenje u Jagodini ocenio da \u0107e izbori u Srbiji biti odr\u017eani krajem aprila i dodao &hellip; <\/p>\n","protected":false},"author":4,"featured_media":2110,"comment_status":"open","ping_status":"open","sticky":false,"template":"","format":"standard","meta":{"footnotes":""},"categories":[2,13,12],"tags":[58,544,367,543],"_links":{"self":[{"href":"https:\/\/centralmedia.rs\/index.php\/wp-json\/wp\/v2\/posts\/2109"}],"collection":[{"href":"https:\/\/centralmedia.rs\/index.php\/wp-json\/wp\/v2\/posts"}],"about":[{"href":"https:\/\/centralmedia.rs\/index.php\/wp-json\/wp\/v2\/types\/post"}],"author":[{"embeddable":true,"href":"https:\/\/centralmedia.rs\/index.php\/wp-json\/wp\/v2\/users\/4"}],"replies":[{"embeddable":true,"href":"https:\/\/centralmedia.rs\/index.php\/wp-json\/wp\/v2\/comments?post=2109"}],"version-history":[{"count":0,"href":"https:\/\/centralmedia.rs\/index.php\/wp-json\/wp\/v2\/posts\/2109\/revisions"}],"wp:featuredmedia":[{"embeddable":true,"href":"https:\/\/centralmedia.rs\/index.php\/wp-json\/wp\/v2\/media\/2110"}],"wp:attachment":[{"href":"https:\/\/centralmedia.rs\/index.php\/wp-json\/wp\/v2\/media?parent=2109"}],"wp:term":[{"taxonomy":"category","embeddable":true,"href":"https:\/\/centralmedia.rs\/index.php\/wp-json\/wp\/v2\/categories?post=2109"},{"taxonomy":"post_tag","embeddable":true,"href":"https:\/\/centralmedia.rs\/index.php\/wp-json\/wp\/v2\/tags?post=2109"}],"curies":[{"name":"wp","href":"https:\/\/api.w.org\/{rel}","templated":true}]}}