{"id":21101,"date":"2019-11-01T16:51:44","date_gmt":"2019-11-01T16:51:44","guid":{"rendered":"http:\/\/centralmedia.rs\/?p=21101"},"modified":"2019-11-04T19:13:57","modified_gmt":"2019-11-04T19:13:57","slug":"dan-otvorenih-vrata-u-tehnickoj-skoli-u-despotovcu","status":"publish","type":"post","link":"https:\/\/centralmedia.rs\/index.php\/2019\/11\/01\/dan-otvorenih-vrata-u-tehnickoj-skoli-u-despotovcu\/","title":{"rendered":"DAN OTVORENIH VRATA U TEHNI\u010cKOJ \u0160KOLI U DESPOTOVCU"},"content":{"rendered":"<p>DESPOTOVAC- Gra\u0111ani Despotovca danas u imali priliku da se, u okviru Dana otvorenih vrata, upoznaju sa rekonstruisanim objektom Tehni\u010dke \u0161kole. \u0160kola je posle 60 godina rekonstruisana do poslednjeg detalja i sve novo, tako je prakti\u010dno re\u010d o novom objektu. Vrednost investicije je oko milion evra. Od ponedeljka, posle 14 meseci, \u0111aci se vra\u0107aju u klupe.<\/p>\n<div id='gallery-1' class='gallery galleryid-21101 gallery-columns-3 gallery-size-full'><figure class='gallery-item'>\n\t\t\t<div class='gallery-icon landscape'>\n\t\t\t\t<a href='https:\/\/centralmedia.rs\/index.php\/2019\/11\/01\/dan-otvorenih-vrata-u-tehnickoj-skoli-u-despotovcu\/tehnicka-skola2\/'><img loading=\"lazy\" decoding=\"async\" width=\"1600\" height=\"778\" src=\"https:\/\/centralmedia.rs\/wp-content\/uploads\/2019\/11\/tehnicka-skola2.jpg\" class=\"attachment-full size-full\" alt=\"\" srcset=\"https:\/\/centralmedia.rs\/wp-content\/uploads\/2019\/11\/tehnicka-skola2.jpg 1600w, https:\/\/centralmedia.rs\/wp-content\/uploads\/2019\/11\/tehnicka-skola2-300x146.jpg 300w, https:\/\/centralmedia.rs\/wp-content\/uploads\/2019\/11\/tehnicka-skola2-768x373.jpg 768w, https:\/\/centralmedia.rs\/wp-content\/uploads\/2019\/11\/tehnicka-skola2-1024x498.jpg 1024w, https:\/\/centralmedia.rs\/wp-content\/uploads\/2019\/11\/tehnicka-skola2-864x420.jpg 864w, https:\/\/centralmedia.rs\/wp-content\/uploads\/2019\/11\/tehnicka-skola2-640x311.jpg 640w, https:\/\/centralmedia.rs\/wp-content\/uploads\/2019\/11\/tehnicka-skola2-681x331.jpg 681w\" sizes=\"(max-width: 1600px) 100vw, 1600px\" \/><\/a>\n\t\t\t<\/div><\/figure><figure class='gallery-item'>\n\t\t\t<div class='gallery-icon landscape'>\n\t\t\t\t<a href='https:\/\/centralmedia.rs\/index.php\/2019\/11\/01\/dan-otvorenih-vrata-u-tehnickoj-skoli-u-despotovcu\/tehnikcka-skola1\/'><img loading=\"lazy\" decoding=\"async\" width=\"1600\" height=\"778\" src=\"https:\/\/centralmedia.rs\/wp-content\/uploads\/2019\/11\/tehnikcka-skola1.jpg\" class=\"attachment-full size-full\" alt=\"\" srcset=\"https:\/\/centralmedia.rs\/wp-content\/uploads\/2019\/11\/tehnikcka-skola1.jpg 1600w, https:\/\/centralmedia.rs\/wp-content\/uploads\/2019\/11\/tehnikcka-skola1-300x146.jpg 300w, https:\/\/centralmedia.rs\/wp-content\/uploads\/2019\/11\/tehnikcka-skola1-768x373.jpg 768w, https:\/\/centralmedia.rs\/wp-content\/uploads\/2019\/11\/tehnikcka-skola1-1024x498.jpg 1024w, https:\/\/centralmedia.rs\/wp-content\/uploads\/2019\/11\/tehnikcka-skola1-864x420.jpg 864w, https:\/\/centralmedia.rs\/wp-content\/uploads\/2019\/11\/tehnikcka-skola1-640x311.jpg 640w, https:\/\/centralmedia.rs\/wp-content\/uploads\/2019\/11\/tehnikcka-skola1-681x331.jpg 681w\" sizes=\"(max-width: 1600px) 100vw, 1600px\" \/><\/a>\n\t\t\t<\/div><\/figure><figure class='gallery-item'>\n\t\t\t<div class='gallery-icon landscape'>\n\t\t\t\t<a href='https:\/\/centralmedia.rs\/index.php\/2019\/11\/01\/dan-otvorenih-vrata-u-tehnickoj-skoli-u-despotovcu\/tehnicka-skola\/'><img loading=\"lazy\" decoding=\"async\" width=\"1600\" height=\"778\" src=\"https:\/\/centralmedia.rs\/wp-content\/uploads\/2019\/11\/tehnicka-skola.jpg\" class=\"attachment-full size-full\" alt=\"\" srcset=\"https:\/\/centralmedia.rs\/wp-content\/uploads\/2019\/11\/tehnicka-skola.jpg 1600w, https:\/\/centralmedia.rs\/wp-content\/uploads\/2019\/11\/tehnicka-skola-300x146.jpg 300w, https:\/\/centralmedia.rs\/wp-content\/uploads\/2019\/11\/tehnicka-skola-768x373.jpg 768w, https:\/\/centralmedia.rs\/wp-content\/uploads\/2019\/11\/tehnicka-skola-1024x498.jpg 1024w, https:\/\/centralmedia.rs\/wp-content\/uploads\/2019\/11\/tehnicka-skola-864x420.jpg 864w, https:\/\/centralmedia.rs\/wp-content\/uploads\/2019\/11\/tehnicka-skola-640x311.jpg 640w, https:\/\/centralmedia.rs\/wp-content\/uploads\/2019\/11\/tehnicka-skola-681x331.jpg 681w\" sizes=\"(max-width: 1600px) 100vw, 1600px\" \/><\/a>\n\t\t\t<\/div><\/figure>\n\t\t<\/div>\n\n","protected":false},"excerpt":{"rendered":"<p>DESPOTOVAC- Gra\u0111ani Despotovca danas u imali priliku da se, u okviru Dana otvorenih vrata, upoznaju sa rekonstruisanim objektom Tehni\u010dke \u0161kole. \u0160kola je posle 60 godina &hellip; <\/p>\n","protected":false},"author":2,"featured_media":21102,"comment_status":"open","ping_status":"open","sticky":false,"template":"","format":"standard","meta":{"footnotes":""},"categories":[1518,14,1524,2,887,12],"tags":[51,497],"_links":{"self":[{"href":"https:\/\/centralmedia.rs\/index.php\/wp-json\/wp\/v2\/posts\/21101"}],"collection":[{"href":"https:\/\/centralmedia.rs\/index.php\/wp-json\/wp\/v2\/posts"}],"about":[{"href":"https:\/\/centralmedia.rs\/index.php\/wp-json\/wp\/v2\/types\/post"}],"author":[{"embeddable":true,"href":"https:\/\/centralmedia.rs\/index.php\/wp-json\/wp\/v2\/users\/2"}],"replies":[{"embeddable":true,"href":"https:\/\/centralmedia.rs\/index.php\/wp-json\/wp\/v2\/comments?post=21101"}],"version-history":[{"count":1,"href":"https:\/\/centralmedia.rs\/index.php\/wp-json\/wp\/v2\/posts\/21101\/revisions"}],"predecessor-version":[{"id":21105,"href":"https:\/\/centralmedia.rs\/index.php\/wp-json\/wp\/v2\/posts\/21101\/revisions\/21105"}],"wp:featuredmedia":[{"embeddable":true,"href":"https:\/\/centralmedia.rs\/index.php\/wp-json\/wp\/v2\/media\/21102"}],"wp:attachment":[{"href":"https:\/\/centralmedia.rs\/index.php\/wp-json\/wp\/v2\/media?parent=21101"}],"wp:term":[{"taxonomy":"category","embeddable":true,"href":"https:\/\/centralmedia.rs\/index.php\/wp-json\/wp\/v2\/categories?post=21101"},{"taxonomy":"post_tag","embeddable":true,"href":"https:\/\/centralmedia.rs\/index.php\/wp-json\/wp\/v2\/tags?post=21101"}],"curies":[{"name":"wp","href":"https:\/\/api.w.org\/{rel}","templated":true}]}}