{"id":21106,"date":"2019-11-01T17:07:18","date_gmt":"2019-11-01T17:07:18","guid":{"rendered":"http:\/\/centralmedia.rs\/?p=21106"},"modified":"2019-11-04T19:14:08","modified_gmt":"2019-11-04T19:14:08","slug":"nova-izlozba-u-prirodnjackom-centru-srbije-2","status":"publish","type":"post","link":"https:\/\/centralmedia.rs\/index.php\/2019\/11\/01\/nova-izlozba-u-prirodnjackom-centru-srbije-2\/","title":{"rendered":"NOVA IZLO\u017dBA U PRIRODNJA\u010cKOM CENTRU SRBIJE"},"content":{"rendered":"<p>SVILAJNAC- Nova izlo\u017eba ,,Inteligencija biljaka&#8221; u Prirodnja\u010dkom centru Srbije u Svilajncu. U saradnji sa Centrom za promociju nauke izlo\u017eba \u0107e biti otvorena u ponedeljak 4. novembra u 12 sati.<\/p>\n","protected":false},"excerpt":{"rendered":"<p>SVILAJNAC- Nova izlo\u017eba ,,Inteligencija biljaka&#8221; u Prirodnja\u010dkom centru Srbije u Svilajncu. U saradnji sa Centrom za promociju nauke izlo\u017eba \u0107e biti otvorena u ponedeljak 4. &hellip; <\/p>\n","protected":false},"author":2,"featured_media":17397,"comment_status":"open","ping_status":"open","sticky":false,"template":"","format":"standard","meta":{"footnotes":""},"categories":[1524,2,15,887,12,1517],"tags":[649,288,38],"_links":{"self":[{"href":"https:\/\/centralmedia.rs\/index.php\/wp-json\/wp\/v2\/posts\/21106"}],"collection":[{"href":"https:\/\/centralmedia.rs\/index.php\/wp-json\/wp\/v2\/posts"}],"about":[{"href":"https:\/\/centralmedia.rs\/index.php\/wp-json\/wp\/v2\/types\/post"}],"author":[{"embeddable":true,"href":"https:\/\/centralmedia.rs\/index.php\/wp-json\/wp\/v2\/users\/2"}],"replies":[{"embeddable":true,"href":"https:\/\/centralmedia.rs\/index.php\/wp-json\/wp\/v2\/comments?post=21106"}],"version-history":[{"count":1,"href":"https:\/\/centralmedia.rs\/index.php\/wp-json\/wp\/v2\/posts\/21106\/revisions"}],"predecessor-version":[{"id":21107,"href":"https:\/\/centralmedia.rs\/index.php\/wp-json\/wp\/v2\/posts\/21106\/revisions\/21107"}],"wp:featuredmedia":[{"embeddable":true,"href":"https:\/\/centralmedia.rs\/index.php\/wp-json\/wp\/v2\/media\/17397"}],"wp:attachment":[{"href":"https:\/\/centralmedia.rs\/index.php\/wp-json\/wp\/v2\/media?parent=21106"}],"wp:term":[{"taxonomy":"category","embeddable":true,"href":"https:\/\/centralmedia.rs\/index.php\/wp-json\/wp\/v2\/categories?post=21106"},{"taxonomy":"post_tag","embeddable":true,"href":"https:\/\/centralmedia.rs\/index.php\/wp-json\/wp\/v2\/tags?post=21106"}],"curies":[{"name":"wp","href":"https:\/\/api.w.org\/{rel}","templated":true}]}}