{"id":21112,"date":"2019-11-04T17:57:53","date_gmt":"2019-11-04T17:57:53","guid":{"rendered":"http:\/\/centralmedia.rs\/?p=21112"},"modified":"2019-11-09T14:29:18","modified_gmt":"2019-11-09T14:29:18","slug":"asfalt-u-ostrikovcu","status":"publish","type":"post","link":"https:\/\/centralmedia.rs\/index.php\/2019\/11\/04\/asfalt-u-ostrikovcu\/","title":{"rendered":"ASFALT U OSTRIKOVCU"},"content":{"rendered":"<p>\u0106UPRIJA- Ulica Vojvode Mi\u0161i\u0107a u du\u017eini od 230 metara danas je asfaltirana u Ostrikovcu kod \u0106uprije. Re\u010d je o putu koji povezuje to selo sa zaseokom Ravno. Radovi su vredni 1,3 miliona dinara, obavljaju se po programu JKP Ravno 2014.<\/p>\n","protected":false},"excerpt":{"rendered":"<p>\u0106UPRIJA- Ulica Vojvode Mi\u0161i\u0107a u du\u017eini od 230 metara danas je asfaltirana u Ostrikovcu kod \u0106uprije. Re\u010d je o putu koji povezuje to selo sa &hellip; <\/p>\n","protected":false},"author":2,"featured_media":21046,"comment_status":"open","ping_status":"open","sticky":false,"template":"","format":"standard","meta":{"footnotes":""},"categories":[1515,1524,2,887,16,12],"tags":[3247,44,4172],"_links":{"self":[{"href":"https:\/\/centralmedia.rs\/index.php\/wp-json\/wp\/v2\/posts\/21112"}],"collection":[{"href":"https:\/\/centralmedia.rs\/index.php\/wp-json\/wp\/v2\/posts"}],"about":[{"href":"https:\/\/centralmedia.rs\/index.php\/wp-json\/wp\/v2\/types\/post"}],"author":[{"embeddable":true,"href":"https:\/\/centralmedia.rs\/index.php\/wp-json\/wp\/v2\/users\/2"}],"replies":[{"embeddable":true,"href":"https:\/\/centralmedia.rs\/index.php\/wp-json\/wp\/v2\/comments?post=21112"}],"version-history":[{"count":1,"href":"https:\/\/centralmedia.rs\/index.php\/wp-json\/wp\/v2\/posts\/21112\/revisions"}],"predecessor-version":[{"id":21113,"href":"https:\/\/centralmedia.rs\/index.php\/wp-json\/wp\/v2\/posts\/21112\/revisions\/21113"}],"wp:featuredmedia":[{"embeddable":true,"href":"https:\/\/centralmedia.rs\/index.php\/wp-json\/wp\/v2\/media\/21046"}],"wp:attachment":[{"href":"https:\/\/centralmedia.rs\/index.php\/wp-json\/wp\/v2\/media?parent=21112"}],"wp:term":[{"taxonomy":"category","embeddable":true,"href":"https:\/\/centralmedia.rs\/index.php\/wp-json\/wp\/v2\/categories?post=21112"},{"taxonomy":"post_tag","embeddable":true,"href":"https:\/\/centralmedia.rs\/index.php\/wp-json\/wp\/v2\/tags?post=21112"}],"curies":[{"name":"wp","href":"https:\/\/api.w.org\/{rel}","templated":true}]}}