{"id":2112,"date":"2016-02-15T20:44:23","date_gmt":"2016-02-15T20:44:23","guid":{"rendered":"http:\/\/centralmedia.rs\/?p=2112"},"modified":"2016-02-15T20:44:23","modified_gmt":"2016-02-15T20:44:23","slug":"deca-iz-hraniteljskih-porodica-obelezila-sretenje","status":"publish","type":"post","link":"https:\/\/centralmedia.rs\/index.php\/2016\/02\/15\/deca-iz-hraniteljskih-porodica-obelezila-sretenje\/","title":{"rendered":"DECA IZ HRANITELJSKIH PORODICA OBELE\u017dILA SRETENJE"},"content":{"rendered":"<p>\u0106UPRIJA-Vi\u0161e desetina dece iz hraniteljskih porodica dana su u Centru za porodi\u010dni sme\u0161taj i hraniteljstvo u \u0106upriji obele\u017eili Sretenje, dan ustavnosti Srbije. Tim povodom, ministar Aleksandar Vulin poklonio je mini \u017eurku za nezbrinutu decu.<br \/>\n\t-Centar je jedina institucija u socijalne za\u0161tite, \u010dak i prosvete, u Srbiji koja za decu iz hraniteljskih porodica uzrasta od \u010detvrtog do osmog razreda organizovao mini kviz znanja o Sretenju i dr\u017eavnosti Srbije. Sva deca su pobednici kviza te su dobili poklon paketi\u0107e i \u017eurku uz muziku DJ, rekao je predsednik UO te ustanove Milo\u0161 Stojkovi\u0107.<br \/>\n<a href=\"https:\/\/centralmedia.rs\/wp-content\/uploads\/2016\/02\/centar-za-hraniteljstvo-3-cuprija-g.j..jpg\" rel=\"attachment wp-att-2114\"><img loading=\"lazy\" decoding=\"async\" src=\"https:\/\/centralmedia.rs\/wp-content\/uploads\/2016\/02\/centar-za-hraniteljstvo-3-cuprija-g.j.-300x225.jpg\" alt=\"centar za hraniteljstvo 3-cuprija-g.j.\" width=\"300\" height=\"225\" class=\"alignnone size-medium wp-image-2114\" srcset=\"https:\/\/centralmedia.rs\/wp-content\/uploads\/2016\/02\/centar-za-hraniteljstvo-3-cuprija-g.j.-300x225.jpg 300w, https:\/\/centralmedia.rs\/wp-content\/uploads\/2016\/02\/centar-za-hraniteljstvo-3-cuprija-g.j.-768x576.jpg 768w, https:\/\/centralmedia.rs\/wp-content\/uploads\/2016\/02\/centar-za-hraniteljstvo-3-cuprija-g.j.-80x60.jpg 80w, https:\/\/centralmedia.rs\/wp-content\/uploads\/2016\/02\/centar-za-hraniteljstvo-3-cuprija-g.j.-265x198.jpg 265w, https:\/\/centralmedia.rs\/wp-content\/uploads\/2016\/02\/centar-za-hraniteljstvo-3-cuprija-g.j..jpg 900w\" sizes=\"(max-width: 300px) 100vw, 300px\" \/><\/a><br \/>\n        Akcija je odr\u017eana uz podr\u0161ku i pomo\u0107 ministra Aleksandra Vulina, koji je mali\u0161anima poklonio mini \u017eurku i slavlje, dok su prijatelji ustanove obezbedili poklon paketi\u0107e.<br \/>\n<a href=\"https:\/\/centralmedia.rs\/wp-content\/uploads\/2016\/02\/centar-za-hraniteljstvo-4-cuprija-g.j..jpg\" rel=\"attachment wp-att-2115\"><img loading=\"lazy\" decoding=\"async\" src=\"https:\/\/centralmedia.rs\/wp-content\/uploads\/2016\/02\/centar-za-hraniteljstvo-4-cuprija-g.j.-300x206.jpg\" alt=\"centar za hraniteljstvo 4-cuprija-g.j.\" width=\"300\" height=\"206\" class=\"alignnone size-medium wp-image-2115\" srcset=\"https:\/\/centralmedia.rs\/wp-content\/uploads\/2016\/02\/centar-za-hraniteljstvo-4-cuprija-g.j.-300x206.jpg 300w, https:\/\/centralmedia.rs\/wp-content\/uploads\/2016\/02\/centar-za-hraniteljstvo-4-cuprija-g.j.-768x528.jpg 768w, https:\/\/centralmedia.rs\/wp-content\/uploads\/2016\/02\/centar-za-hraniteljstvo-4-cuprija-g.j.-100x70.jpg 100w, https:\/\/centralmedia.rs\/wp-content\/uploads\/2016\/02\/centar-za-hraniteljstvo-4-cuprija-g.j.-218x150.jpg 218w, https:\/\/centralmedia.rs\/wp-content\/uploads\/2016\/02\/centar-za-hraniteljstvo-4-cuprija-g.j..jpg 900w\" sizes=\"(max-width: 300px) 100vw, 300px\" \/><\/a><br \/>\n\t-Danas  nije dan za odmor, ve\u0107 dan se\u0107anja na sve koji su dali \u017eivote da bi bili slobodni, odnosno da bi Srbi slobodno i demokratski \u017eiveli u otad\u017ebini sa svima koji su drugih nacija,ali je smatraju svojom zemljom. Danas je vreme za pomen junaka, koji su na\u0161 ponos i ugled, zaklju\u010dio je Stojkovi\u0107.<\/p>\n","protected":false},"excerpt":{"rendered":"<p>\u0106UPRIJA-Vi\u0161e desetina dece iz hraniteljskih porodica dana su u Centru za porodi\u010dni sme\u0161taj i hraniteljstvo u \u0106upriji obele\u017eili Sretenje, dan ustavnosti Srbije. Tim povodom, ministar &hellip; <\/p>\n","protected":false},"author":4,"featured_media":2113,"comment_status":"open","ping_status":"open","sticky":false,"template":"","format":"standard","meta":{"footnotes":""},"categories":[14,2,12],"tags":[44,545,543],"_links":{"self":[{"href":"https:\/\/centralmedia.rs\/index.php\/wp-json\/wp\/v2\/posts\/2112"}],"collection":[{"href":"https:\/\/centralmedia.rs\/index.php\/wp-json\/wp\/v2\/posts"}],"about":[{"href":"https:\/\/centralmedia.rs\/index.php\/wp-json\/wp\/v2\/types\/post"}],"author":[{"embeddable":true,"href":"https:\/\/centralmedia.rs\/index.php\/wp-json\/wp\/v2\/users\/4"}],"replies":[{"embeddable":true,"href":"https:\/\/centralmedia.rs\/index.php\/wp-json\/wp\/v2\/comments?post=2112"}],"version-history":[{"count":0,"href":"https:\/\/centralmedia.rs\/index.php\/wp-json\/wp\/v2\/posts\/2112\/revisions"}],"wp:featuredmedia":[{"embeddable":true,"href":"https:\/\/centralmedia.rs\/index.php\/wp-json\/wp\/v2\/media\/2113"}],"wp:attachment":[{"href":"https:\/\/centralmedia.rs\/index.php\/wp-json\/wp\/v2\/media?parent=2112"}],"wp:term":[{"taxonomy":"category","embeddable":true,"href":"https:\/\/centralmedia.rs\/index.php\/wp-json\/wp\/v2\/categories?post=2112"},{"taxonomy":"post_tag","embeddable":true,"href":"https:\/\/centralmedia.rs\/index.php\/wp-json\/wp\/v2\/tags?post=2112"}],"curies":[{"name":"wp","href":"https:\/\/api.w.org\/{rel}","templated":true}]}}