{"id":21177,"date":"2019-11-09T12:39:54","date_gmt":"2019-11-09T12:39:54","guid":{"rendered":"http:\/\/centralmedia.rs\/?p=21177"},"modified":"2019-11-16T16:19:43","modified_gmt":"2019-11-16T16:19:43","slug":"polaganje-venaca-u-znak-secanja-na-stradale-u-balkanskim-ratovima-i-prvom-svetskom-ratu","status":"publish","type":"post","link":"https:\/\/centralmedia.rs\/index.php\/2019\/11\/09\/polaganje-venaca-u-znak-secanja-na-stradale-u-balkanskim-ratovima-i-prvom-svetskom-ratu\/","title":{"rendered":"POLAGANjE VENACA U ZNAK SE\u0106ANjA NA STRADALE U BALKANSKIM RATOVIMA I PRVOM SVETSKOM RATU"},"content":{"rendered":"<p>DESPOTOVAC &#8211; U Velikom Popovi\u0107u na spomenik palim borcima u Prvom svetskom ratu, zamenik predsednika op\u0161tine Despotovac, Nenad Jovanovi\u0107 sa saradnicima i predsednik Udru\u017eenja ratnih dobrovoljaca 1912-1918, njihovih potomaka i po\u0161tovalaca Gornje Resave, Te\u0161ica Komnenovi\u0107, polo\u017eili su vence u znak se\u0107anja na stradale u Balkanskim ratovima i Prvom svetskom ratu.<\/p>\n<p><img loading=\"lazy\" decoding=\"async\" class=\"alignnone wp-image-21179 size-full\" src=\"http:\/\/centralmedia.rs\/wp-content\/uploads\/2019\/11\/SPOMEN1.jpg\" alt=\"\" width=\"720\" height=\"960\" srcset=\"https:\/\/centralmedia.rs\/wp-content\/uploads\/2019\/11\/SPOMEN1.jpg 720w, https:\/\/centralmedia.rs\/wp-content\/uploads\/2019\/11\/SPOMEN1-225x300.jpg 225w, https:\/\/centralmedia.rs\/wp-content\/uploads\/2019\/11\/SPOMEN1-315x420.jpg 315w, https:\/\/centralmedia.rs\/wp-content\/uploads\/2019\/11\/SPOMEN1-640x853.jpg 640w, https:\/\/centralmedia.rs\/wp-content\/uploads\/2019\/11\/SPOMEN1-681x908.jpg 681w\" sizes=\"(max-width: 720px) 100vw, 720px\" \/><\/p>\n<p>-Danas smo ovde u \u010dast na\u0161ih stradalih u Velikom ratu, da se sa tugom i setom setimo tih davnih doga\u0111aja. Malo je re\u0107i kolika je njihova \u017ertva bila za nas koji danas \u017eivimo i gotovo da ne ose\u0107amo to vreme koje su oni pre\u017eiveli. Mislim da je ovakva tradicija polaganja venaca i se\u0107anja na na\u0161e pretke ne\u0161to \u0161to je preko potrebno kako bismo se vratili onome \u0161to smo godinama zaboravljali, a istoriju koju nismo u\u010dili o\u017eivimo i na\u0161u decu nau\u010dimo ko smo mi zapravo\u201c, rekao je posle polaganja venaca zamenik predsednika op\u0161tine Jovanovi\u0107.<\/p>\n<p>&nbsp;<\/p>\n","protected":false},"excerpt":{"rendered":"<p>DESPOTOVAC &#8211; U Velikom Popovi\u0107u na spomenik palim borcima u Prvom svetskom ratu, zamenik predsednika op\u0161tine Despotovac, Nenad Jovanovi\u0107 sa saradnicima i predsednik Udru\u017eenja ratnih &hellip; <\/p>\n","protected":false},"author":2,"featured_media":21178,"comment_status":"open","ping_status":"open","sticky":false,"template":"","format":"standard","meta":{"footnotes":""},"categories":[1518,14,1524,2,887,12],"tags":[2431,3542],"_links":{"self":[{"href":"https:\/\/centralmedia.rs\/index.php\/wp-json\/wp\/v2\/posts\/21177"}],"collection":[{"href":"https:\/\/centralmedia.rs\/index.php\/wp-json\/wp\/v2\/posts"}],"about":[{"href":"https:\/\/centralmedia.rs\/index.php\/wp-json\/wp\/v2\/types\/post"}],"author":[{"embeddable":true,"href":"https:\/\/centralmedia.rs\/index.php\/wp-json\/wp\/v2\/users\/2"}],"replies":[{"embeddable":true,"href":"https:\/\/centralmedia.rs\/index.php\/wp-json\/wp\/v2\/comments?post=21177"}],"version-history":[{"count":1,"href":"https:\/\/centralmedia.rs\/index.php\/wp-json\/wp\/v2\/posts\/21177\/revisions"}],"predecessor-version":[{"id":21180,"href":"https:\/\/centralmedia.rs\/index.php\/wp-json\/wp\/v2\/posts\/21177\/revisions\/21180"}],"wp:featuredmedia":[{"embeddable":true,"href":"https:\/\/centralmedia.rs\/index.php\/wp-json\/wp\/v2\/media\/21178"}],"wp:attachment":[{"href":"https:\/\/centralmedia.rs\/index.php\/wp-json\/wp\/v2\/media?parent=21177"}],"wp:term":[{"taxonomy":"category","embeddable":true,"href":"https:\/\/centralmedia.rs\/index.php\/wp-json\/wp\/v2\/categories?post=21177"},{"taxonomy":"post_tag","embeddable":true,"href":"https:\/\/centralmedia.rs\/index.php\/wp-json\/wp\/v2\/tags?post=21177"}],"curies":[{"name":"wp","href":"https:\/\/api.w.org\/{rel}","templated":true}]}}