{"id":21189,"date":"2019-11-09T12:50:51","date_gmt":"2019-11-09T12:50:51","guid":{"rendered":"http:\/\/centralmedia.rs\/?p=21189"},"modified":"2019-11-16T16:20:00","modified_gmt":"2019-11-16T16:20:00","slug":"zapoceta-druga-faza-regulacije-resave","status":"publish","type":"post","link":"https:\/\/centralmedia.rs\/index.php\/2019\/11\/09\/zapoceta-druga-faza-regulacije-resave\/","title":{"rendered":"ZAPO\u010cETA DRUGA FAZA REGULACIJE RESAVE"},"content":{"rendered":"<p>SVILAJANC- U ataru sela Sedlare i Subotica u toku su radovi na regulaciji reke Resave koje je obi\u0161ao predsednik op\u0161tine Svilajnac, Predrag Milanovi\u0107.<\/p>\n<p>-Radovi na drugoj fazi regulacije Resave podrazumevaju da stanovni\u0161tvo Sedlara i Subotice bude za\u0161ti\u0107eno od poplava kako onih manjih kao pro\u0161le godine, tako i od ve\u0107ih koli\u010dina padavina koje su se desile 2014. godine. Kada se zavr\u0161i ovaj deo posla prelazimo na slede\u0107i deo projekta a to je navodnjavanje poljoprivrednog zemlji\u0161ta, istakao je on.<\/p>\n<div id='gallery-1' class='gallery galleryid-21189 gallery-columns-3 gallery-size-full'><figure class='gallery-item'>\n\t\t\t<div class='gallery-icon landscape'>\n\t\t\t\t<a href='https:\/\/centralmedia.rs\/index.php\/2019\/11\/09\/zapoceta-druga-faza-regulacije-resave\/regualcija2\/'><img loading=\"lazy\" decoding=\"async\" width=\"2048\" height=\"1365\" src=\"https:\/\/centralmedia.rs\/wp-content\/uploads\/2019\/11\/REGUALCIJA2.jpg\" class=\"attachment-full size-full\" alt=\"\" srcset=\"https:\/\/centralmedia.rs\/wp-content\/uploads\/2019\/11\/REGUALCIJA2.jpg 2048w, https:\/\/centralmedia.rs\/wp-content\/uploads\/2019\/11\/REGUALCIJA2-300x200.jpg 300w, https:\/\/centralmedia.rs\/wp-content\/uploads\/2019\/11\/REGUALCIJA2-768x512.jpg 768w, https:\/\/centralmedia.rs\/wp-content\/uploads\/2019\/11\/REGUALCIJA2-1024x683.jpg 1024w, https:\/\/centralmedia.rs\/wp-content\/uploads\/2019\/11\/REGUALCIJA2-630x420.jpg 630w, https:\/\/centralmedia.rs\/wp-content\/uploads\/2019\/11\/REGUALCIJA2-640x427.jpg 640w, https:\/\/centralmedia.rs\/wp-content\/uploads\/2019\/11\/REGUALCIJA2-681x454.jpg 681w\" sizes=\"(max-width: 2048px) 100vw, 2048px\" \/><\/a>\n\t\t\t<\/div><\/figure><figure class='gallery-item'>\n\t\t\t<div class='gallery-icon landscape'>\n\t\t\t\t<a href='https:\/\/centralmedia.rs\/index.php\/2019\/11\/09\/zapoceta-druga-faza-regulacije-resave\/regulacija\/'><img loading=\"lazy\" decoding=\"async\" width=\"2048\" height=\"1365\" src=\"https:\/\/centralmedia.rs\/wp-content\/uploads\/2019\/11\/REGULACIJA.jpg\" class=\"attachment-full size-full\" alt=\"\" srcset=\"https:\/\/centralmedia.rs\/wp-content\/uploads\/2019\/11\/REGULACIJA.jpg 2048w, https:\/\/centralmedia.rs\/wp-content\/uploads\/2019\/11\/REGULACIJA-300x200.jpg 300w, https:\/\/centralmedia.rs\/wp-content\/uploads\/2019\/11\/REGULACIJA-768x512.jpg 768w, https:\/\/centralmedia.rs\/wp-content\/uploads\/2019\/11\/REGULACIJA-1024x683.jpg 1024w, https:\/\/centralmedia.rs\/wp-content\/uploads\/2019\/11\/REGULACIJA-630x420.jpg 630w, https:\/\/centralmedia.rs\/wp-content\/uploads\/2019\/11\/REGULACIJA-640x427.jpg 640w, https:\/\/centralmedia.rs\/wp-content\/uploads\/2019\/11\/REGULACIJA-681x454.jpg 681w\" sizes=\"(max-width: 2048px) 100vw, 2048px\" \/><\/a>\n\t\t\t<\/div><\/figure><figure class='gallery-item'>\n\t\t\t<div class='gallery-icon landscape'>\n\t\t\t\t<a href='https:\/\/centralmedia.rs\/index.php\/2019\/11\/09\/zapoceta-druga-faza-regulacije-resave\/regualciaj1\/'><img loading=\"lazy\" decoding=\"async\" width=\"2048\" height=\"1365\" src=\"https:\/\/centralmedia.rs\/wp-content\/uploads\/2019\/11\/REGUALCIAJ1.jpg\" class=\"attachment-full size-full\" alt=\"\" srcset=\"https:\/\/centralmedia.rs\/wp-content\/uploads\/2019\/11\/REGUALCIAJ1.jpg 2048w, https:\/\/centralmedia.rs\/wp-content\/uploads\/2019\/11\/REGUALCIAJ1-300x200.jpg 300w, https:\/\/centralmedia.rs\/wp-content\/uploads\/2019\/11\/REGUALCIAJ1-768x512.jpg 768w, https:\/\/centralmedia.rs\/wp-content\/uploads\/2019\/11\/REGUALCIAJ1-1024x683.jpg 1024w, https:\/\/centralmedia.rs\/wp-content\/uploads\/2019\/11\/REGUALCIAJ1-630x420.jpg 630w, https:\/\/centralmedia.rs\/wp-content\/uploads\/2019\/11\/REGUALCIAJ1-640x427.jpg 640w, https:\/\/centralmedia.rs\/wp-content\/uploads\/2019\/11\/REGUALCIAJ1-681x454.jpg 681w\" sizes=\"(max-width: 2048px) 100vw, 2048px\" \/><\/a>\n\t\t\t<\/div><\/figure>\n\t\t<\/div>\n\n<p>U Sedlaru se trenutno radi na ra\u0161\u010di\u0161\u0107avanju terena i po\u010dinje se sa sre\u0111ivanjem korita i podizanjem bedema. Bi\u0107e ura\u0111eno oko 2.500 metara obala reke Resave. U selu Subotica su tako\u0111e zapo\u010deti radovi na regulaciji i u ovom trenutku navozi se zemlja za podizanje bedema. Planirano je da kompletni radovi, koji se finasiraju sredstvima iz evropskih fondova, budu zavr\u0161eni do polovine 2020.godine.<\/p>\n<p>&nbsp;<\/p>\n","protected":false},"excerpt":{"rendered":"<p>SVILAJANC- U ataru sela Sedlare i Subotica u toku su radovi na regulaciji reke Resave koje je obi\u0161ao predsednik op\u0161tine Svilajnac, Predrag Milanovi\u0107. -Radovi na &hellip; <\/p>\n","protected":false},"author":2,"featured_media":21190,"comment_status":"open","ping_status":"open","sticky":false,"template":"","format":"standard","meta":{"footnotes":""},"categories":[14,1524,2,887,12,1517],"tags":[1278,2047,727,4181,38],"_links":{"self":[{"href":"https:\/\/centralmedia.rs\/index.php\/wp-json\/wp\/v2\/posts\/21189"}],"collection":[{"href":"https:\/\/centralmedia.rs\/index.php\/wp-json\/wp\/v2\/posts"}],"about":[{"href":"https:\/\/centralmedia.rs\/index.php\/wp-json\/wp\/v2\/types\/post"}],"author":[{"embeddable":true,"href":"https:\/\/centralmedia.rs\/index.php\/wp-json\/wp\/v2\/users\/2"}],"replies":[{"embeddable":true,"href":"https:\/\/centralmedia.rs\/index.php\/wp-json\/wp\/v2\/comments?post=21189"}],"version-history":[{"count":1,"href":"https:\/\/centralmedia.rs\/index.php\/wp-json\/wp\/v2\/posts\/21189\/revisions"}],"predecessor-version":[{"id":21193,"href":"https:\/\/centralmedia.rs\/index.php\/wp-json\/wp\/v2\/posts\/21189\/revisions\/21193"}],"wp:featuredmedia":[{"embeddable":true,"href":"https:\/\/centralmedia.rs\/index.php\/wp-json\/wp\/v2\/media\/21190"}],"wp:attachment":[{"href":"https:\/\/centralmedia.rs\/index.php\/wp-json\/wp\/v2\/media?parent=21189"}],"wp:term":[{"taxonomy":"category","embeddable":true,"href":"https:\/\/centralmedia.rs\/index.php\/wp-json\/wp\/v2\/categories?post=21189"},{"taxonomy":"post_tag","embeddable":true,"href":"https:\/\/centralmedia.rs\/index.php\/wp-json\/wp\/v2\/tags?post=21189"}],"curies":[{"name":"wp","href":"https:\/\/api.w.org\/{rel}","templated":true}]}}