{"id":21200,"date":"2019-11-09T13:03:18","date_gmt":"2019-11-09T13:03:18","guid":{"rendered":"http:\/\/centralmedia.rs\/?p=21200"},"modified":"2019-11-16T16:20:09","modified_gmt":"2019-11-16T16:20:09","slug":"ariston-grejaci-iz-svilajnca","status":"publish","type":"post","link":"https:\/\/centralmedia.rs\/index.php\/2019\/11\/09\/ariston-grejaci-iz-svilajnca\/","title":{"rendered":"ARISTON GREJA\u010cI IZ SVILAJNCA"},"content":{"rendered":"<p>SVILAJNAC- Italijanski Ariston otvorio je fabriku u industrijskoj zoni \u201cVeliko polje\u201d u Svilajncu, zaposli\u0107e oko 100 radnika, a proizvodi\u0107e greja\u010de za najve\u0107e svetske proizvo\u0111a\u010de bele tehnike. Ova firma je pro\u0161irila svoj prvobitni plan i sada ima proizvodnu halu od preko 4.000 kvadrata. Investicija je vredna preko 3 miliona.<br \/>\n-Radili smo preko dve godine na ovom projektu. Ariston je zna\u010dajna firma za Srbiju, a i za Svilajnac je posebno bitan. Op\u0161tina Svilajnac je jo\u0161 jednom dokazala da mo\u017ee da bude partner i velikim kompanijama kao \u0161to je Ariston, izjavio je predsednik op\u0161tine Svilajnac, Predag Milanovi\u0107.<\/p>\n<div id='gallery-1' class='gallery galleryid-21200 gallery-columns-3 gallery-size-full'><figure class='gallery-item'>\n\t\t\t<div class='gallery-icon landscape'>\n\t\t\t\t<a href='https:\/\/centralmedia.rs\/index.php\/2019\/11\/09\/ariston-grejaci-iz-svilajnca\/ariston\/'><img loading=\"lazy\" decoding=\"async\" width=\"960\" height=\"639\" src=\"https:\/\/centralmedia.rs\/wp-content\/uploads\/2019\/11\/ARISTON.jpg\" class=\"attachment-full size-full\" alt=\"\" srcset=\"https:\/\/centralmedia.rs\/wp-content\/uploads\/2019\/11\/ARISTON.jpg 960w, https:\/\/centralmedia.rs\/wp-content\/uploads\/2019\/11\/ARISTON-300x200.jpg 300w, https:\/\/centralmedia.rs\/wp-content\/uploads\/2019\/11\/ARISTON-768x511.jpg 768w, https:\/\/centralmedia.rs\/wp-content\/uploads\/2019\/11\/ARISTON-631x420.jpg 631w, https:\/\/centralmedia.rs\/wp-content\/uploads\/2019\/11\/ARISTON-640x426.jpg 640w, https:\/\/centralmedia.rs\/wp-content\/uploads\/2019\/11\/ARISTON-681x453.jpg 681w\" sizes=\"(max-width: 960px) 100vw, 960px\" \/><\/a>\n\t\t\t<\/div><\/figure><figure class='gallery-item'>\n\t\t\t<div class='gallery-icon landscape'>\n\t\t\t\t<a href='https:\/\/centralmedia.rs\/index.php\/2019\/11\/09\/ariston-grejaci-iz-svilajnca\/ariston2\/'><img loading=\"lazy\" decoding=\"async\" width=\"2048\" height=\"1365\" src=\"https:\/\/centralmedia.rs\/wp-content\/uploads\/2019\/11\/ARISTON2.jpg\" class=\"attachment-full size-full\" alt=\"\" srcset=\"https:\/\/centralmedia.rs\/wp-content\/uploads\/2019\/11\/ARISTON2.jpg 2048w, https:\/\/centralmedia.rs\/wp-content\/uploads\/2019\/11\/ARISTON2-300x200.jpg 300w, https:\/\/centralmedia.rs\/wp-content\/uploads\/2019\/11\/ARISTON2-768x512.jpg 768w, https:\/\/centralmedia.rs\/wp-content\/uploads\/2019\/11\/ARISTON2-1024x683.jpg 1024w, https:\/\/centralmedia.rs\/wp-content\/uploads\/2019\/11\/ARISTON2-630x420.jpg 630w, https:\/\/centralmedia.rs\/wp-content\/uploads\/2019\/11\/ARISTON2-640x427.jpg 640w, https:\/\/centralmedia.rs\/wp-content\/uploads\/2019\/11\/ARISTON2-681x454.jpg 681w\" sizes=\"(max-width: 2048px) 100vw, 2048px\" \/><\/a>\n\t\t\t<\/div><\/figure><figure class='gallery-item'>\n\t\t\t<div class='gallery-icon landscape'>\n\t\t\t\t<a href='https:\/\/centralmedia.rs\/index.php\/2019\/11\/09\/ariston-grejaci-iz-svilajnca\/ariston3\/'><img loading=\"lazy\" decoding=\"async\" width=\"2048\" height=\"1365\" src=\"https:\/\/centralmedia.rs\/wp-content\/uploads\/2019\/11\/ARISTON3.jpg\" class=\"attachment-full size-full\" alt=\"\" srcset=\"https:\/\/centralmedia.rs\/wp-content\/uploads\/2019\/11\/ARISTON3.jpg 2048w, https:\/\/centralmedia.rs\/wp-content\/uploads\/2019\/11\/ARISTON3-300x200.jpg 300w, https:\/\/centralmedia.rs\/wp-content\/uploads\/2019\/11\/ARISTON3-768x512.jpg 768w, https:\/\/centralmedia.rs\/wp-content\/uploads\/2019\/11\/ARISTON3-1024x683.jpg 1024w, https:\/\/centralmedia.rs\/wp-content\/uploads\/2019\/11\/ARISTON3-630x420.jpg 630w, https:\/\/centralmedia.rs\/wp-content\/uploads\/2019\/11\/ARISTON3-640x427.jpg 640w, https:\/\/centralmedia.rs\/wp-content\/uploads\/2019\/11\/ARISTON3-681x454.jpg 681w\" sizes=\"(max-width: 2048px) 100vw, 2048px\" \/><\/a>\n\t\t\t<\/div><\/figure>\n\t\t<\/div>\n\n<p>Na sve\u010danom otvaranju prisutnima se obratio i predsednk Thermowatt kompanije, Karlo Germano Ravina.<\/p>\n<p>-Jako sam sre\u0107an \u0161to nam se pru\u017eila prilika da otvorimo fabriku ovde. Imamo velika o\u010dekivanja kada se radi o jedno ovako velikoj fabrici i ovako zna\u010dajnom po\u010detku. Izabrali smo Svilajnac posle mnogo razmi\u0161ljanja, jer na\u0161a strategija podrazumeva ostvarivanje dobrog partnerstva a ovde smo jako dobro primljeni, naveo je on.<br \/>\nOtvaranju je prisustvovao i ambassador Italije u Srbiji Karlo Lo Ka\u0161a koji je ovom prilikom istakao zna\u010daj saradnje Italije i Srbije.<\/p>\n","protected":false},"excerpt":{"rendered":"<p>SVILAJNAC- Italijanski Ariston otvorio je fabriku u industrijskoj zoni \u201cVeliko polje\u201d u Svilajncu, zaposli\u0107e oko 100 radnika, a proizvodi\u0107e greja\u010de za najve\u0107e svetske proizvo\u0111a\u010de bele &hellip; <\/p>\n","protected":false},"author":2,"featured_media":21201,"comment_status":"open","ping_status":"open","sticky":false,"template":"","format":"standard","meta":{"footnotes":""},"categories":[22,1524,2,887,12,1517],"tags":[3099,4179,38],"_links":{"self":[{"href":"https:\/\/centralmedia.rs\/index.php\/wp-json\/wp\/v2\/posts\/21200"}],"collection":[{"href":"https:\/\/centralmedia.rs\/index.php\/wp-json\/wp\/v2\/posts"}],"about":[{"href":"https:\/\/centralmedia.rs\/index.php\/wp-json\/wp\/v2\/types\/post"}],"author":[{"embeddable":true,"href":"https:\/\/centralmedia.rs\/index.php\/wp-json\/wp\/v2\/users\/2"}],"replies":[{"embeddable":true,"href":"https:\/\/centralmedia.rs\/index.php\/wp-json\/wp\/v2\/comments?post=21200"}],"version-history":[{"count":1,"href":"https:\/\/centralmedia.rs\/index.php\/wp-json\/wp\/v2\/posts\/21200\/revisions"}],"predecessor-version":[{"id":21205,"href":"https:\/\/centralmedia.rs\/index.php\/wp-json\/wp\/v2\/posts\/21200\/revisions\/21205"}],"wp:featuredmedia":[{"embeddable":true,"href":"https:\/\/centralmedia.rs\/index.php\/wp-json\/wp\/v2\/media\/21201"}],"wp:attachment":[{"href":"https:\/\/centralmedia.rs\/index.php\/wp-json\/wp\/v2\/media?parent=21200"}],"wp:term":[{"taxonomy":"category","embeddable":true,"href":"https:\/\/centralmedia.rs\/index.php\/wp-json\/wp\/v2\/categories?post=21200"},{"taxonomy":"post_tag","embeddable":true,"href":"https:\/\/centralmedia.rs\/index.php\/wp-json\/wp\/v2\/tags?post=21200"}],"curies":[{"name":"wp","href":"https:\/\/api.w.org\/{rel}","templated":true}]}}